{"id":14633,"date":"2021-06-08T11:16:00","date_gmt":"2021-06-08T09:16:00","guid":{"rendered":"http:\/\/www-chiesedisicilia-org-euwp*.sitenm.com\/?p=14633"},"modified":"2021-06-08T11:38:03","modified_gmt":"2020-08-12T11:38:03","slug":"fisc-il-direttivo-regionale-incontro-larcivescovo-lomanto","status":"publish","type":"post","link":"https:\/\/www.chiesedisicilia.org\/2021\/06\/08\/fisc-il-direttivo-regionale-incontro-larcivescovo-lomanto\/","title":{"rendered":"FISC. IL DIRETTIVO REGIONALE INCONTRO L&#8217;ARCIVESCOVO LOMANTO"},"content":{"rendered":"<p>Il direttivo dei settimanali cattolici siciliani aderenti alla Fisc ha incontrato l&#8217;<strong>arcivescovo mons. Francesco Lomanto, delegato della Conferenza episcopale siciliana per la Cultura e le Comunicazioni sociali<\/strong>.<\/p>\n<p><img alt=\"FISC. IL DIRETTIVO REGIONALE INCONTRO L'ARCIVESCOVO LOMANTO\" title=\"FISC. IL DIRETTIVO REGIONALE INCONTRO L'ARCIVESCOVO LOMANTO\" loading=\"lazy\" class=\"  alignleft\" src=\"https:\/\/www.chiesedisicilia.org\/chiesedisicilia\/news\/wp-content\/uploads\/sites\/2\/2021\/06\/IMG-20210607-WA0006-300x225.jpg\" alt=\"\" width=\"263\" height=\"197\" \/>L&#8217;incontro si \u00e8 svolto sabato 5 giungo a Siracusa. Erano presenti\u00a0otto delle undici testate che operano in Sicilia.<\/p>\n<p>A presentare al presule l&#8217;impegno delle diverse testate\u00a0 giornaliste cattoliche siciliane \u00e8 stato il <strong>delegato regionale\u00a0Peppino Vecchio<\/strong>.<\/p>\n<p>\u00c8 stato evidenziato &#8220;<em>il radicamento nella realt\u00e0 non solo ecclesiale, ma anche sociale nelle diocesi in cui vivono<\/em>&#8221; che caratterizza\u00a0i settimanali cattolici,\u00a0gran parte dei quali sono frutto\u00a0del fermento della\u00a0<em>Rerum Novarum<\/em>, l\u2019enciclica di Leone XIII che nel 1891 fonda la moderna dottrina sociale della Chiesa.<\/p>\n<p><img alt=\"FISC. IL DIRETTIVO REGIONALE INCONTRO L'ARCIVESCOVO LOMANTO\" title=\"FISC. IL DIRETTIVO REGIONALE INCONTRO L'ARCIVESCOVO LOMANTO\" loading=\"lazy\" class=\"  alignright\" src=\"https:\/\/www.chiesedisicilia.org\/chiesedisicilia\/news\/wp-content\/uploads\/sites\/2\/2021\/06\/IMG-20210607-WA0011-300x225.jpg\" alt=\"\" width=\"248\" height=\"186\" \/>I direttori delle testa Fisc siciliane hanno illustrato le peculiarit\u00e0 del servizio che offrono alla propria diocesi ed alcune delle difficolt\u00e0 in cui operano.<\/p>\n<p>Tutti hanno espresso al presule il desiderio che si intensifichi il rapporto con tutti i Vescovi siciliani e con gli Uffici regionale della CESi, al fine di avere uno scambio di notizie pi\u00f9 precise e pi\u00f9 attuali e e rispondere con incisivit\u00e0 alla complessit\u00e0 della situazione attuale.<\/p>\n<p>L\u2019arcivescovo mons. Lomanto ha espresso la propria disponibilit\u00e0 a rilanciare i temi della stampa cattolica perch\u00e9 si offra &#8220;<em>una comunicazione sempre pi\u00f9 legata al territorio e attenta ai mutamenti sociali<\/em>&#8220;.<\/p>\n<p><img alt=\"FISC. IL DIRETTIVO REGIONALE INCONTRO L'ARCIVESCOVO LOMANTO\" title=\"FISC. IL DIRETTIVO REGIONALE INCONTRO L'ARCIVESCOVO LOMANTO\" loading=\"lazy\" class=\" alignleft\" src=\"https:\/\/www.chiesedisicilia.org\/chiesedisicilia\/news\/wp-content\/uploads\/sites\/2\/2021\/06\/IMG-20210607-WA0004-300x74.jpg\" alt=\"\" width=\"381\" height=\"94\" \/><\/p>\n<p><img alt=\"FISC. IL DIRETTIVO REGIONALE INCONTRO L'ARCIVESCOVO LOMANTO\" title=\"FISC. IL DIRETTIVO REGIONALE INCONTRO L'ARCIVESCOVO LOMANTO\" loading=\"lazy\" class=\"  alignleft\" src=\"https:\/\/www.chiesedisicilia.org\/chiesedisicilia\/news\/wp-content\/uploads\/sites\/2\/2021\/06\/IMG-20210607-WA0012-300x225.jpg\" alt=\"\" width=\"263\" height=\"197\" \/><img alt=\"FISC. IL DIRETTIVO REGIONALE INCONTRO L'ARCIVESCOVO LOMANTO\" title=\"FISC. IL DIRETTIVO REGIONALE INCONTRO L'ARCIVESCOVO LOMANTO\" loading=\"lazy\" class=\"  alignright\" src=\"https:\/\/www.chiesedisicilia.org\/chiesedisicilia\/news\/wp-content\/uploads\/sites\/2\/2021\/06\/IMG-20210607-WA0007-300x225.jpg\" alt=\"\" width=\"263\" height=\"197\" \/><\/p>\n<p><img alt=\"FISC. IL DIRETTIVO REGIONALE INCONTRO L'ARCIVESCOVO LOMANTO\" title=\"FISC. IL DIRETTIVO REGIONALE INCONTRO L'ARCIVESCOVO LOMANTO\" loading=\"lazy\" class=\" alignright\" src=\"https:\/\/www.chiesedisicilia.org\/chiesedisicilia\/news\/wp-content\/uploads\/sites\/2\/2021\/06\/IMG-20210607-WA0005-300x74.jpg\" alt=\"\" width=\"397\" height=\"98\" \/><\/p>\n<p>&nbsp;<\/p>\n","protected":false},"excerpt":{"rendered":"","protected":false},"author":4,"featured_media":14630,"comment_status":"closed","ping_status":"closed","sticky":false,"template":"","format":"standard","meta":[],"categories":[7],"tags":[],"news-destination":[],"news-source":[],"is_homepage":[],"ta_other":[],"_links":{"self":[{"href":"https:\/\/www.chiesedisicilia.org\/chiesedisicilia\/news\/wp-json\/wp\/v2\/posts\/14633"}],"collection":[{"href":"https:\/\/www.chiesedisicilia.org\/chiesedisicilia\/news\/wp-json\/wp\/v2\/posts"}],"about":[{"href":"https:\/\/www.chiesedisicilia.org\/chiesedisicilia\/news\/wp-json\/wp\/v2\/types\/post"}],"author":[{"embeddable":true,"href":"https:\/\/www.chiesedisicilia.org\/chiesedisicilia\/news\/wp-json\/wp\/v2\/users\/4"}],"replies":[{"embeddable":true,"href":"https:\/\/www.chiesedisicilia.org\/chiesedisicilia\/news\/wp-json\/wp\/v2\/comments?post=14633"}],"version-history":[{"count":1,"href":"https:\/\/www.chiesedisicilia.org\/chiesedisicilia\/news\/wp-json\/wp\/v2\/posts\/14633\/revisions"}],"predecessor-version":[{"id":24125,"href":"https:\/\/www.chiesedisicilia.org\/chiesedisicilia\/news\/wp-json\/wp\/v2\/posts\/14633\/revisions\/24125"}],"wp:featuredmedia":[{"embeddable":true,"href":"https:\/\/www.chiesedisicilia.org\/chiesedisicilia\/news\/wp-json\/wp\/v2\/media\/14630"}],"wp:attachment":[{"href":"https:\/\/www.chiesedisicilia.org\/chiesedisicilia\/news\/wp-json\/wp\/v2\/media?parent=14633"}],"wp:term":[{"taxonomy":"category","embeddable":true,"href":"https:\/\/www.chiesedisicilia.org\/chiesedisicilia\/news\/wp-json\/wp\/v2\/categories?post=14633"},{"taxonomy":"post_tag","embeddable":true,"href":"https:\/\/www.chiesedisicilia.org\/chiesedisicilia\/news\/wp-json\/wp\/v2\/tags?post=14633"},{"taxonomy":"news-destination","embeddable":true,"href":"https:\/\/www.chiesedisicilia.org\/chiesedisicilia\/news\/wp-json\/wp\/v2\/news-destination?post=14633"},{"taxonomy":"news-source","embeddable":true,"href":"https:\/\/www.chiesedisicilia.org\/chiesedisicilia\/news\/wp-json\/wp\/v2\/news-source?post=14633"},{"taxonomy":"is_homepage","embeddable":true,"href":"https:\/\/www.chiesedisicilia.org\/chiesedisicilia\/news\/wp-json\/wp\/v2\/is_homepage?post=14633"},{"taxonomy":"ta_other","embeddable":true,"href":"https:\/\/www.chiesedisicilia.org\/chiesedisicilia\/news\/wp-json\/wp\/v2\/ta_other?post=14633"}],"curies":[{"name":"wp","href":"https:\/\/api.w.org\/{rel}","templated":true}]}}