{"id":14621,"date":"2021-05-13T22:20:20","date_gmt":"2021-05-13T20:20:20","guid":{"rendered":"http:\/\/www-chiesedisicilia-org-euwp*.sitenm.com\/?p=14621"},"modified":"2021-05-14T12:49:52","modified_gmt":"2020-07-18T12:49:52","slug":"formazione-socio-politica-aver-cura-delle-fragilita","status":"publish","type":"post","link":"https:\/\/www.chiesedisicilia.org\/2021\/05\/13\/formazione-socio-politica-aver-cura-delle-fragilita\/","title":{"rendered":"FORMAZIONE SOCIO-POLITICA: &#8220;AVER CURA DELLE FRAGILIT\u00c0&#8221;"},"content":{"rendered":"<p>La Scuola di formazione socio\u2013politica dell\u2019Ordine Francescano secolare di Sicilia si prepara ad un nuovo appuntamento: sabato 15 maggio, alle 16.30, si svolger\u00e0 il quarto incontro che ha per titolo <strong>\u201c<em>Aver cura delle fragilit\u00e0: Una nuova politica per un nuovo umanesimo<\/em>\u201d<\/strong>.<\/p>\n<p>&#8220;<em>Papa Francesco nel suo Magistero chiede ai cristiani \u201cdi non guardare dal balcone: di immischiarsi, di dare il meglio di se..\u201d, di impegnarsi anche nella vita politica, \u00a0quella vissuta come \u201cla pi\u00f9 alta forma di carit\u00e0\u201d. Riteniamo che questo tempo<\/em> &#8211; si legge in una nota stampa dell&#8217;<strong>Ordine\u00a0Francescano secolare di Sicilia<\/strong> &#8211;<em> chiami ciascuno di noi a prendere coscienza del proprio ruolo, ad assumersi responsabilit\u00e0, a prendere parte, a sporcarsi le mani. Ricostruire la speranza, ricucire i paesi ed il Paese, pacificare la societ\u00e0 sono i percorsi virtuosi da seguire per ogni cristiano, ma anche per ogni uomo di buona volont\u00e0.\u200b Desideriamo offrire un\u2019opportunit\u00e0 di riflessione per una nuova cittadinanza<\/em> &#8211; continua la nota &#8211; <em>che non delega e desidera costruire dal basso, per parlare di una politica intesa come servizio e che sia \u201cnon solo per il popolo ma con il popolo\u201d, radicata nei suoi valori e nelle sue comunit\u00e0<\/em>&#8220;.<\/p>\n<p>Dopo i saluti del ministro regionale <strong>Fabrizio Lombardo<\/strong>, a guidare la riflessione saranno:\u00a0<strong>Stefano Zamagni, p<\/strong>residente della Pontificia Accademia delle Scienze Sociali, economista;\u00a0<strong>Giuseppe Provenzano,\u00a0<\/strong>politico, gi\u00e0 Ministro per il Sud e per la Coesione territoriale;\u00a0<strong>Florinda Saieva<\/strong> : co-fondatrice della scuola politica \u201cPrime Minister\u201d, co-fondatrice di Farm Cultural Park;\u00a0<strong>Maurilio Assenza,\u00a0<\/strong>presidente Casa don Puglisi, vice pres. Fondazione Val di Noto, gi\u00e0 direttore diocesano della Caritas di Noto. Interverr\u00e0, inoltre, il prof. \u00a0<strong>Antonino Giordano,<\/strong> su &#8220;Giorgio La Pira: il sindaco santo&#8221;. Moderer\u00e0 l\u2019incontro <strong>Carmelo Vitello, <\/strong>responsabile della formazione dell\u2019OFS di Sicilia.<\/p>\n<p>L\u2019incontro sar\u00e0 da remoto su piattaforma informatica e gli ospiti si confronteranno con il moderatore nella modalit\u00e0 di forum talk.\u00a0 Partecipa una classe virtuale di 100 componenti dell\u2019Ofs di Sicilia che faranno un lavoro comunitario di approfondimento. L\u2019evento potr\u00e0 essere seguito in diretta sul <a href=\"https:\/\/www.youtube.com\/channel\/UCrs3FqtA4NVoTva4zvLMFBQ\">canale youtube dell&#8217;Ordine francescano<\/a>.<\/p>\n<p>La scuola nasce &#8220;<em>dal desiderio dell\u2019OFS di dare risposta ai moniti della Chiesa in questo tempo e di ritornare alla straordinaria semplicit\u00e0 delle nostre origini: \u201cuna fraternit\u00e0 vissuta nel secolo per il secolo\u201d in cui si possa essere capaci di sviluppare una lettura culturale e sociopolitica delle problematiche del territorio, individuandone cause ed elaborando progetti lungimiranti che possano essere segno di speranza e di fiducia<\/em>&#8220;.<\/p>\n<p>Dopo gli incontri dedicati a\u00a0\u201cFratelli tutti\u201d: una sfida per il mondo di oggi&#8221;, \u201cUn nuovo pensiero economico per un nuovo modello di societ\u00e0\u201d: Riflessioni a partire da Economy of Francesco&#8221; e \u201cLaudato Sii\u201d: Per la cura della casa comune e di quanti la abitano\u201d, i prossimi appuntamenti previsti nell&#8217;ambito della\u00a0Scuola di formazione socio\u2013politica dell\u2019Ordine Francescano secolare di Sicilia sono: &#8220;Convertitevi: legalit\u00e0 e giustizia nel solco di Rosario Livatino&#8221;, in programma sabato 5 giugno e\u00a0\u201cVivere il nostro impegno socio-politico con Amoris Laetitia\u201d, che si svolger\u00e0 sabato 26 giugno.<\/p>\n","protected":false},"excerpt":{"rendered":"","protected":false},"author":4,"featured_media":14603,"comment_status":"closed","ping_status":"closed","sticky":false,"template":"","format":"standard","meta":[],"categories":[7],"tags":[],"news-destination":[],"news-source":[],"is_homepage":[],"ta_other":[],"_links":{"self":[{"href":"https:\/\/www.chiesedisicilia.org\/chiesedisicilia\/news\/wp-json\/wp\/v2\/posts\/14621"}],"collection":[{"href":"https:\/\/www.chiesedisicilia.org\/chiesedisicilia\/news\/wp-json\/wp\/v2\/posts"}],"about":[{"href":"https:\/\/www.chiesedisicilia.org\/chiesedisicilia\/news\/wp-json\/wp\/v2\/types\/post"}],"author":[{"embeddable":true,"href":"https:\/\/www.chiesedisicilia.org\/chiesedisicilia\/news\/wp-json\/wp\/v2\/users\/4"}],"replies":[{"embeddable":true,"href":"https:\/\/www.chiesedisicilia.org\/chiesedisicilia\/news\/wp-json\/wp\/v2\/comments?post=14621"}],"version-history":[{"count":1,"href":"https:\/\/www.chiesedisicilia.org\/chiesedisicilia\/news\/wp-json\/wp\/v2\/posts\/14621\/revisions"}],"predecessor-version":[{"id":23734,"href":"https:\/\/www.chiesedisicilia.org\/chiesedisicilia\/news\/wp-json\/wp\/v2\/posts\/14621\/revisions\/23734"}],"wp:featuredmedia":[{"embeddable":true,"href":"https:\/\/www.chiesedisicilia.org\/chiesedisicilia\/news\/wp-json\/wp\/v2\/media\/14603"}],"wp:attachment":[{"href":"https:\/\/www.chiesedisicilia.org\/chiesedisicilia\/news\/wp-json\/wp\/v2\/media?parent=14621"}],"wp:term":[{"taxonomy":"category","embeddable":true,"href":"https:\/\/www.chiesedisicilia.org\/chiesedisicilia\/news\/wp-json\/wp\/v2\/categories?post=14621"},{"taxonomy":"post_tag","embeddable":true,"href":"https:\/\/www.chiesedisicilia.org\/chiesedisicilia\/news\/wp-json\/wp\/v2\/tags?post=14621"},{"taxonomy":"news-destination","embeddable":true,"href":"https:\/\/www.chiesedisicilia.org\/chiesedisicilia\/news\/wp-json\/wp\/v2\/news-destination?post=14621"},{"taxonomy":"news-source","embeddable":true,"href":"https:\/\/www.chiesedisicilia.org\/chiesedisicilia\/news\/wp-json\/wp\/v2\/news-source?post=14621"},{"taxonomy":"is_homepage","embeddable":true,"href":"https:\/\/www.chiesedisicilia.org\/chiesedisicilia\/news\/wp-json\/wp\/v2\/is_homepage?post=14621"},{"taxonomy":"ta_other","embeddable":true,"href":"https:\/\/www.chiesedisicilia.org\/chiesedisicilia\/news\/wp-json\/wp\/v2\/ta_other?post=14621"}],"curies":[{"name":"wp","href":"https:\/\/api.w.org\/{rel}","templated":true}]}}