{"id":14602,"date":"2021-05-01T16:15:55","date_gmt":"2021-05-01T14:15:55","guid":{"rendered":"http:\/\/www-chiesedisicilia-org-euwp*.sitenm.com\/?p=14602"},"modified":"2021-05-05T16:44:11","modified_gmt":"2020-07-09T16:44:11","slug":"san-giuseppe-lavoratore","status":"publish","type":"post","link":"https:\/\/www.chiesedisicilia.org\/2021\/05\/01\/san-giuseppe-lavoratore\/","title":{"rendered":"SAN GIUSEPPE LAVORATORE: IL MESSAGGIO DI MONS. GIUSEPPE MARCIANTE"},"content":{"rendered":"<p>Le &#8220;<em>nuove strade aperte per il nostro territorio dalla pandemia&#8221; e un &#8220;pensiero particolare<\/em>&#8221; dedicato a &#8220;<em>tutte quelle categorie che sono state maggiormente colpite dalla pandemia<\/em>&#8220;, alle quali \u00e8 espressa &#8220;<em>vicinanza<\/em>&#8221; e &#8220;<em>sostegno in questo tempo cos\u00ec difficile<\/em>&#8220;. \u00c8 questo il cuore del messaggio che <strong>mons. Giuseppe Marciante, vescovo di Cefal\u00f9 e delegato CESi per i Problemi sociali e il Lavoro, la Giustizia, la Pace e la Salvaguardia del Creato<\/strong>, ha diffuso nel giorno in cui la Chiesa fa memoria liturgica di San Giuseppe Lavoratore.<\/p>\n<p>Il presule parla dei tanti giovani che &#8220;<em>sono tornati da altre regioni e da altri stati perch\u00e9 le aziende e principalmente il mondo della scuola e dell\u2019universit\u00e0 hanno riconvertito le loro dinamiche in lavoro in Smart working e in D.A.D. Ci\u00f2<\/em> &#8211; per mons. Marciante &#8211; <em>comporta una possibilit\u00e0 di ripopolamento della fascia giovanile soprattutto nelle nostre aree interne e, cosa ancora pi\u00f9 importante, la creazione di presidi distaccati da parte di grosse aziende, in alcuni casi multinazionali e centri di ricerca per cui questi stessi giovani continuano a lavorare. La politica<\/em> &#8211; \u00e8 l&#8217;appello del vescovo &#8211; <em>deve farsi carico di questa opportunit\u00e0 e creare tutte le occasioni perch\u00e9 il lavoro a distanza sia agevolato e regolamentato<\/em>&#8220;.<\/p>\n<p>E ancora, nel suo Messaggio, mons. Giuseppe Marciante invita a &#8220;<em>riconoscere il valore delle aree interne e renderle effettivamente volano di crescita economica culturale e sociale dell\u2019intera Isola<\/em>&#8221; e invoca &#8220;<em>maggiori investimenti<\/em>&#8220;: per il presule &#8220;<em>gli Enti preposti non possono limitare la loro funzione al semplice rilascio di permessi o dinieghi, ma devono introdurre tutte le risorse necessarie per ridare bellezza al nostro territorio e creare occasioni stabili di lavoro<\/em>&#8220;.<\/p>\n<p>Citando il tema della prossima Settimana Sociale che si terr\u00e0 a Taranto nel prossimo autunno che &#8220;<em>ricorda che \u201c#tutto\u00e8connesso\u201d<\/em>&#8220;, mons. Marciante\u00a0chiede &#8220;<em>un investimento continuo sul turismo crea lavoro continuo nei campi della ristorazione, della ricezione, della cultura e dei servizi paralleli che si possono offrire ai visitatori durante tutto l\u2019anno<\/em>&#8220;.<\/p>\n<p><strong><a href=\"https:\/\/www.chiesedisicilia.org\/chiesedisicilia\/news\/wp-content\/uploads\/sites\/2\/2021\/05\/Messaggio-di-mons.-Giuseppe-Marciante-per-il-1-maggio-2021-nella-memoria-di-San-Giuseppe-Lavoratore.pdf\">Messaggio di mons. Giuseppe Marciante per il 1 maggio 2021, nella memoria di San Giuseppe Lavoratore<\/a><\/strong><\/p>\n","protected":false},"excerpt":{"rendered":"","protected":false},"author":4,"featured_media":11101,"comment_status":"closed","ping_status":"closed","sticky":false,"template":"","format":"standard","meta":[],"categories":[7],"tags":[],"news-destination":[],"news-source":[],"is_homepage":[],"ta_other":[],"_links":{"self":[{"href":"https:\/\/www.chiesedisicilia.org\/chiesedisicilia\/news\/wp-json\/wp\/v2\/posts\/14602"}],"collection":[{"href":"https:\/\/www.chiesedisicilia.org\/chiesedisicilia\/news\/wp-json\/wp\/v2\/posts"}],"about":[{"href":"https:\/\/www.chiesedisicilia.org\/chiesedisicilia\/news\/wp-json\/wp\/v2\/types\/post"}],"author":[{"embeddable":true,"href":"https:\/\/www.chiesedisicilia.org\/chiesedisicilia\/news\/wp-json\/wp\/v2\/users\/4"}],"replies":[{"embeddable":true,"href":"https:\/\/www.chiesedisicilia.org\/chiesedisicilia\/news\/wp-json\/wp\/v2\/comments?post=14602"}],"version-history":[{"count":1,"href":"https:\/\/www.chiesedisicilia.org\/chiesedisicilia\/news\/wp-json\/wp\/v2\/posts\/14602\/revisions"}],"predecessor-version":[{"id":24123,"href":"https:\/\/www.chiesedisicilia.org\/chiesedisicilia\/news\/wp-json\/wp\/v2\/posts\/14602\/revisions\/24123"}],"wp:featuredmedia":[{"embeddable":true,"href":"https:\/\/www.chiesedisicilia.org\/chiesedisicilia\/news\/wp-json\/wp\/v2\/media\/11101"}],"wp:attachment":[{"href":"https:\/\/www.chiesedisicilia.org\/chiesedisicilia\/news\/wp-json\/wp\/v2\/media?parent=14602"}],"wp:term":[{"taxonomy":"category","embeddable":true,"href":"https:\/\/www.chiesedisicilia.org\/chiesedisicilia\/news\/wp-json\/wp\/v2\/categories?post=14602"},{"taxonomy":"post_tag","embeddable":true,"href":"https:\/\/www.chiesedisicilia.org\/chiesedisicilia\/news\/wp-json\/wp\/v2\/tags?post=14602"},{"taxonomy":"news-destination","embeddable":true,"href":"https:\/\/www.chiesedisicilia.org\/chiesedisicilia\/news\/wp-json\/wp\/v2\/news-destination?post=14602"},{"taxonomy":"news-source","embeddable":true,"href":"https:\/\/www.chiesedisicilia.org\/chiesedisicilia\/news\/wp-json\/wp\/v2\/news-source?post=14602"},{"taxonomy":"is_homepage","embeddable":true,"href":"https:\/\/www.chiesedisicilia.org\/chiesedisicilia\/news\/wp-json\/wp\/v2\/is_homepage?post=14602"},{"taxonomy":"ta_other","embeddable":true,"href":"https:\/\/www.chiesedisicilia.org\/chiesedisicilia\/news\/wp-json\/wp\/v2\/ta_other?post=14602"}],"curies":[{"name":"wp","href":"https:\/\/api.w.org\/{rel}","templated":true}]}}