{"id":14601,"date":"2021-04-30T12:13:57","date_gmt":"2021-04-30T10:13:57","guid":{"rendered":"http:\/\/www-chiesedisicilia-org-euwp*.sitenm.com\/?p=14601"},"modified":"2021-05-05T16:42:34","modified_gmt":"2020-07-09T16:42:34","slug":"e-deceduto-mons-pio-vigo","status":"publish","type":"post","link":"https:\/\/www.chiesedisicilia.org\/2021\/04\/30\/e-deceduto-mons-pio-vigo\/","title":{"rendered":"\u00c8 DECEDUTO MONS. PIO VIGO"},"content":{"rendered":"<p>Ha concluso oggi la sua luminosa giornata terrena l&#8217;arcivescovo mons. Pio Vigo, vescovo emerito di Acireale.\u00a0\u00a0A darne notizia la Curia acese, nella persona del suo\u00a0pastore, mons. Antonino Raspanti.<\/p>\n<p>Il vescovo mons. Pio Vittorio Vigo \u00e8 deceduto in una clinica a Verona a seguito di problemi respiratori per difficolt\u00e0 polmonari antiche.<\/p>\n<p>Nelle prossime ore saranno date ulteriori comunicazioni su quando arriver\u00e0 la salma ad Acireale e sui funerali.<\/p>\n<p>&#8220;<em>Profondit\u00e0 di vita spirituale, bont\u00e0, mitezza e semplicit\u00e0<\/em> &#8211; si legge in una nota della Curia acese &#8211;<em> sono stati i tratti caratteristici della sua personalit\u00e0. Fine poeta, premiato pi\u00f9 volte in concorsi nazionali, ha dispensato anche nei versi la bellezza del Vangelo e della vita cristiana<\/em>&#8220;.<\/p>\n<p>Nato ad Acireale il 4 novembre 1935, mons. Pio Vigo fu ordinato sacerdote il 20 settembre 1958. Conseguito il Dottorato in Filosofia, presso la Pontificia Universit\u00e0 Gregoriana di Roma, rientr\u00f2 in Diocesi, prestando il suo ministero sacerdotale accanto a mons. Michele Cosentino, nella conduzione dell\u2019OASI \u201cMaria SS.ma Assunta\u201d di Aci S. Antonio. Insegn\u00f2 Filosofia presso il Seminario vescovile e Religione nelle scuole statali.<\/p>\n<p>Successivamente fu nominato pro-vicario generale della Diocesi, e dopo ancora vicario generale e prevosto del Capitolo Cattedrale. Il 13 gennaio 1981 fu nominato vescovo titolare di Astigi e ausiliare dell\u2019arcivescovo di Catania. Il 28 Aprile 1984 la nomina di amministratore apostolico di Nicosia e, il 7 marzo 1985, quella a vescovo. Il 24 maggio 1997 diviene arcivescovo metropolita di Monreale e, infine, il 15 Ottobre 2002 arcivescovo -vescovo di Acireale, diocesi che guid\u00f2 fino al 1 ottobre 2011.<\/p>\n","protected":false},"excerpt":{"rendered":"","protected":false},"author":4,"featured_media":14599,"comment_status":"closed","ping_status":"closed","sticky":false,"template":"","format":"standard","meta":[],"categories":[25,30],"tags":[],"news-destination":[],"news-source":[],"is_homepage":[],"ta_other":[],"_links":{"self":[{"href":"https:\/\/www.chiesedisicilia.org\/chiesedisicilia\/news\/wp-json\/wp\/v2\/posts\/14601"}],"collection":[{"href":"https:\/\/www.chiesedisicilia.org\/chiesedisicilia\/news\/wp-json\/wp\/v2\/posts"}],"about":[{"href":"https:\/\/www.chiesedisicilia.org\/chiesedisicilia\/news\/wp-json\/wp\/v2\/types\/post"}],"author":[{"embeddable":true,"href":"https:\/\/www.chiesedisicilia.org\/chiesedisicilia\/news\/wp-json\/wp\/v2\/users\/4"}],"replies":[{"embeddable":true,"href":"https:\/\/www.chiesedisicilia.org\/chiesedisicilia\/news\/wp-json\/wp\/v2\/comments?post=14601"}],"version-history":[{"count":1,"href":"https:\/\/www.chiesedisicilia.org\/chiesedisicilia\/news\/wp-json\/wp\/v2\/posts\/14601\/revisions"}],"predecessor-version":[{"id":23729,"href":"https:\/\/www.chiesedisicilia.org\/chiesedisicilia\/news\/wp-json\/wp\/v2\/posts\/14601\/revisions\/23729"}],"wp:featuredmedia":[{"embeddable":true,"href":"https:\/\/www.chiesedisicilia.org\/chiesedisicilia\/news\/wp-json\/wp\/v2\/media\/14599"}],"wp:attachment":[{"href":"https:\/\/www.chiesedisicilia.org\/chiesedisicilia\/news\/wp-json\/wp\/v2\/media?parent=14601"}],"wp:term":[{"taxonomy":"category","embeddable":true,"href":"https:\/\/www.chiesedisicilia.org\/chiesedisicilia\/news\/wp-json\/wp\/v2\/categories?post=14601"},{"taxonomy":"post_tag","embeddable":true,"href":"https:\/\/www.chiesedisicilia.org\/chiesedisicilia\/news\/wp-json\/wp\/v2\/tags?post=14601"},{"taxonomy":"news-destination","embeddable":true,"href":"https:\/\/www.chiesedisicilia.org\/chiesedisicilia\/news\/wp-json\/wp\/v2\/news-destination?post=14601"},{"taxonomy":"news-source","embeddable":true,"href":"https:\/\/www.chiesedisicilia.org\/chiesedisicilia\/news\/wp-json\/wp\/v2\/news-source?post=14601"},{"taxonomy":"is_homepage","embeddable":true,"href":"https:\/\/www.chiesedisicilia.org\/chiesedisicilia\/news\/wp-json\/wp\/v2\/is_homepage?post=14601"},{"taxonomy":"ta_other","embeddable":true,"href":"https:\/\/www.chiesedisicilia.org\/chiesedisicilia\/news\/wp-json\/wp\/v2\/ta_other?post=14601"}],"curies":[{"name":"wp","href":"https:\/\/api.w.org\/{rel}","templated":true}]}}