{"id":14580,"date":"2021-04-23T09:08:58","date_gmt":"2021-04-23T07:08:58","guid":{"rendered":"http:\/\/www-chiesedisicilia-org-euwp*.sitenm.com\/?p=14580"},"modified":"2021-04-26T09:57:43","modified_gmt":"2020-06-30T09:57:43","slug":"nuova-sede-per-la-caritas-riservatezza-accessibilita-spazi-e-tecnologia","status":"publish","type":"post","link":"https:\/\/www.chiesedisicilia.org\/2021\/04\/23\/nuova-sede-per-la-caritas-riservatezza-accessibilita-spazi-e-tecnologia\/","title":{"rendered":"NUOVA SEDE PER LA CARITAS: RISERVATEZZA, ACCESSIBILIT\u00c0, SPAZI E TECNOLOGIA"},"content":{"rendered":"<p>La Caritas diocesana ha una nuova sede, in una zona pi\u00f9 riservata e priva di barriere architettoniche. Ad inaugurare, negli scorsi giorni, il \u201c<em>Luogo della Carit\u00e0 al servizio dei fratelli in difficolt\u00e0 che vivono nel territorio<\/em>&#8221; \u00e8 stato il <strong>vescovo mons. Calogero Peri<\/strong>, che ha evidenziato come oramai sia la sede della Caritas che gli operatori siano &#8220;<em>sempre pi\u00f9 qualificati<\/em>&#8220;, &#8220;<em>segno concreto della Chiesa che, nutrita di Eucaristia, accoglie gli indigenti, condivide le loro difficolt\u00e0 e agisce per ridare ad essi la dignit\u00e0 dei figli di Dio<\/em>&#8220;. Perch\u00e9 &#8211; ha detto il presule,\u00a0&#8220;<em>nessuno \u00e8 solo quando una comunit\u00e0 sa dare prova di unit\u00e0 e solidariet\u00e0<\/em>&#8220;.<\/p>\n<p><img alt=\"NUOVA SEDE PER LA CARITAS: RISERVATEZZA, ACCESSIBILIT\u00c0, SPAZI E TECNOLOGIA\" title=\"NUOVA SEDE PER LA CARITAS: RISERVATEZZA, ACCESSIBILIT\u00c0, SPAZI E TECNOLOGIA\" loading=\"lazy\" class=\"size-medium wp-image-14539 alignleft\" src=\"https:\/\/www.chiesedisicilia.org\/chiesedisicilia\/news\/wp-content\/uploads\/sites\/2\/2021\/04\/Inaugurazione-nuova-Sede-Caritas-Diocesana-2.jpeg\" alt=\"\" width=\"300\" height=\"225\" srcset=\"https:\/\/euwps05.newsmemory.com\/chiesedisicilia\/news\/wp-content\/uploads\/sites\/2\/2021\/04\/Inaugurazione-nuova-Sede-Caritas-Diocesana-2.jpeg 1600w, https:\/\/euwps05.newsmemory.com\/chiesedisicilia\/news\/wp-content\/uploads\/sites\/2\/2021\/04\/Inaugurazione-nuova-Sede-Caritas-Diocesana-2-300x225.jpeg 300w, https:\/\/euwps05.newsmemory.com\/chiesedisicilia\/news\/wp-content\/uploads\/sites\/2\/2021\/04\/Inaugurazione-nuova-Sede-Caritas-Diocesana-2-1024x768.jpeg 1024w, https:\/\/euwps05.newsmemory.com\/chiesedisicilia\/news\/wp-content\/uploads\/sites\/2\/2021\/04\/Inaugurazione-nuova-Sede-Caritas-Diocesana-2-768x576.jpeg 768w, https:\/\/euwps05.newsmemory.com\/chiesedisicilia\/news\/wp-content\/uploads\/sites\/2\/2021\/04\/Inaugurazione-nuova-Sede-Caritas-Diocesana-2-1536x1152.jpeg 1536w, https:\/\/euwps05.newsmemory.com\/chiesedisicilia\/news\/wp-content\/uploads\/sites\/2\/2021\/04\/Inaugurazione-nuova-Sede-Caritas-Diocesana-2-750x563.jpeg 750w\" sizes=\"(max-width: 300px) 100vw, 300px\" \/>Per l\u2019equipe dell&#8217;Ufficio, la nuova sede in via Canalotto, pu\u00f2 essere di supporto per\u00a0&#8220;<em>il miglioramento e il potenziamento delle azioni caritative sul territorio diocesano al fine di supportare la vita di molti fratelli che si trovano a vivere un momento di difficolt\u00e0<\/em>&#8220;.<\/p>\n<p>Gi\u00e0 dallo scorso anno, la Caritas ha aperto un \u201cEmporio della Solidariet\u00e0 che, in piena pandemia, &#8220;<em>ha soccorso tante famiglie in difficolt\u00e0, \u00e8 uno dei segni concreti di sollecitudine della nostra Chiesa diocesana nei confronti dei pi\u00f9 bisognosi&#8221;<\/em>.<\/p>\n<p>&#8220;<em>Tra gli effetti pi\u00f9 pesanti della pandemia da coronavirus<\/em> \u2013 dice il <strong>diacono don Antonino Carf\u00ec, direttore della Caritas diocesana<\/strong> \u2013<em> c&#8217;\u00e8 l\u2019aumento del numero delle famiglie che non riescono ad arrivare a fine mese. Esse, oramai da tempo, hanno rinunciato ad acquistare i beni di prima necessit\u00e0 e addirittura anche i farmaci<\/em>&#8220;. A loro la vicinanza e il supporto della Caritas e di tutti i suoi operatori.<\/p>\n<p>Anche per questi ultimi, la nuova sede promette miglioramenti e potenziamenti: al suo interno, infatti, ci sono anche una sala conferenze e una sala riunioni arricchite da diversi strumenti tecnologici che, in un prossimo futuro libero da Covid, permetteranno di organizzare convegni e corsi di formazione.<\/p>\n","protected":false},"excerpt":{"rendered":"","protected":false},"author":4,"featured_media":14577,"comment_status":"closed","ping_status":"closed","sticky":false,"template":"","format":"standard","meta":[],"categories":[30],"tags":[],"news-destination":[],"news-source":[],"is_homepage":[],"ta_other":[],"_links":{"self":[{"href":"https:\/\/www.chiesedisicilia.org\/chiesedisicilia\/news\/wp-json\/wp\/v2\/posts\/14580"}],"collection":[{"href":"https:\/\/www.chiesedisicilia.org\/chiesedisicilia\/news\/wp-json\/wp\/v2\/posts"}],"about":[{"href":"https:\/\/www.chiesedisicilia.org\/chiesedisicilia\/news\/wp-json\/wp\/v2\/types\/post"}],"author":[{"embeddable":true,"href":"https:\/\/www.chiesedisicilia.org\/chiesedisicilia\/news\/wp-json\/wp\/v2\/users\/4"}],"replies":[{"embeddable":true,"href":"https:\/\/www.chiesedisicilia.org\/chiesedisicilia\/news\/wp-json\/wp\/v2\/comments?post=14580"}],"version-history":[{"count":1,"href":"https:\/\/www.chiesedisicilia.org\/chiesedisicilia\/news\/wp-json\/wp\/v2\/posts\/14580\/revisions"}],"predecessor-version":[{"id":24120,"href":"https:\/\/www.chiesedisicilia.org\/chiesedisicilia\/news\/wp-json\/wp\/v2\/posts\/14580\/revisions\/24120"}],"wp:featuredmedia":[{"embeddable":true,"href":"https:\/\/www.chiesedisicilia.org\/chiesedisicilia\/news\/wp-json\/wp\/v2\/media\/14577"}],"wp:attachment":[{"href":"https:\/\/www.chiesedisicilia.org\/chiesedisicilia\/news\/wp-json\/wp\/v2\/media?parent=14580"}],"wp:term":[{"taxonomy":"category","embeddable":true,"href":"https:\/\/www.chiesedisicilia.org\/chiesedisicilia\/news\/wp-json\/wp\/v2\/categories?post=14580"},{"taxonomy":"post_tag","embeddable":true,"href":"https:\/\/www.chiesedisicilia.org\/chiesedisicilia\/news\/wp-json\/wp\/v2\/tags?post=14580"},{"taxonomy":"news-destination","embeddable":true,"href":"https:\/\/www.chiesedisicilia.org\/chiesedisicilia\/news\/wp-json\/wp\/v2\/news-destination?post=14580"},{"taxonomy":"news-source","embeddable":true,"href":"https:\/\/www.chiesedisicilia.org\/chiesedisicilia\/news\/wp-json\/wp\/v2\/news-source?post=14580"},{"taxonomy":"is_homepage","embeddable":true,"href":"https:\/\/www.chiesedisicilia.org\/chiesedisicilia\/news\/wp-json\/wp\/v2\/is_homepage?post=14580"},{"taxonomy":"ta_other","embeddable":true,"href":"https:\/\/www.chiesedisicilia.org\/chiesedisicilia\/news\/wp-json\/wp\/v2\/ta_other?post=14580"}],"curies":[{"name":"wp","href":"https:\/\/api.w.org\/{rel}","templated":true}]}}