{"id":1455,"date":"2018-06-20T11:30:00","date_gmt":"2018-06-20T09:30:00","guid":{"rendered":"http:\/\/wptestsite.tecnavia.com\/chiesedisicilia_clientsite\/news\/2018\/06\/20\/agrigento-dal-28-giugno-la-festa-patronale-di-san-calogero\/"},"modified":"2018-11-09T10:55:26","modified_gmt":"2018-01-13T10:55:26","slug":"agrigento-dal-28-giugno-la-festa-patronale-di-san-calogero","status":"publish","type":"post","link":"https:\/\/www.chiesedisicilia.org\/2018\/06\/20\/agrigento-dal-28-giugno-la-festa-patronale-di-san-calogero\/","title":{"rendered":"AGRIGENTO. DAL 28 GIUGNO LA FESTA PATRONALE DI SAN CALOGERO"},"content":{"rendered":"<div><span style=\"font-size: 12pt; font-family: \"Times New Roman\", serif; color: rgb(34, 34, 34); background-image: initial; background-position: initial; background-size: initial; background-repeat: initial; background-attachment: initial; background-origin: initial; background-clip: initial;\"><span style=\"font-size: medium;\"><span style=\"font-family: \"Times New Roman\";\">Un carrello spinto dai devoti al posto del camion sul quale di solito viene posta la statua di san Calogero per la processione serale, dalla Chiesa dell\u2019Addolorata al Santuario. \u00c8 la novit\u00e0 di quest\u2019anno per la festa del patrono di Agrigento, che si svolge dal 28 giugno all\u20198 luglio 2018. A spingere il carro saranno famiglie, genitori con i figli, ma anche anziani e giovani agrigentini, che \u201cporgeranno la spalla a san Calogero\u201d. \u201cQuando il nostro santo va in processione \u2013 dice don Giuseppe Veneziano al settimanale diocesano L\u2019Amico del Popolo \u2013 tutti vorrebbero portarlo in spalla. Questo porgere la spalla \u00e8 il gesto di Ges\u00f9 e vogliamo imitarlo. Quando porgiamo la spalla alle necessit\u00e0 dei nostri fratelli, sperimentiamo con stupore e gratitudine che Dio pone la spalla a noi. Questo gesto \u2013 aggiunge \u2013 vuole essere un richiamo a condividere il \u2018peso\u2019 soprattutto pensando che, come uomini e ancor pi\u00f9 come cristiani, dobbiamo aiutarci a portare i pesi gli uni degli altri per sperimentare la gioia della fraternit\u00e0\u201d. Momento centrale le due processioni serali, domenica 1\u00b0 luglio, alle 21, con la partecipazione dell\u2019Unione italiana ciechi e ipovedenti, e domenica 8 luglio. [01]<\/span><\/span><\/span><span style=\"font-size:12.0pt;font-family:\"Times New Roman\",\"serif\";mso-fareast-font-family:\n\"Times New Roman\";mso-fareast-language:IT\"><o:p><\/o:p><\/span><\/div>\n","protected":false},"excerpt":{"rendered":"","protected":false},"author":1,"featured_media":0,"comment_status":"open","ping_status":"open","sticky":false,"template":"","format":"standard","meta":[],"categories":[30],"tags":[],"news-destination":[],"news-source":[],"is_homepage":[],"ta_other":[],"_links":{"self":[{"href":"https:\/\/www.chiesedisicilia.org\/chiesedisicilia\/news\/wp-json\/wp\/v2\/posts\/1455"}],"collection":[{"href":"https:\/\/www.chiesedisicilia.org\/chiesedisicilia\/news\/wp-json\/wp\/v2\/posts"}],"about":[{"href":"https:\/\/www.chiesedisicilia.org\/chiesedisicilia\/news\/wp-json\/wp\/v2\/types\/post"}],"author":[{"embeddable":true,"href":"https:\/\/www.chiesedisicilia.org\/chiesedisicilia\/news\/wp-json\/wp\/v2\/users\/1"}],"replies":[{"embeddable":true,"href":"https:\/\/www.chiesedisicilia.org\/chiesedisicilia\/news\/wp-json\/wp\/v2\/comments?post=1455"}],"version-history":[{"count":1,"href":"https:\/\/www.chiesedisicilia.org\/chiesedisicilia\/news\/wp-json\/wp\/v2\/posts\/1455\/revisions"}],"predecessor-version":[{"id":19939,"href":"https:\/\/www.chiesedisicilia.org\/chiesedisicilia\/news\/wp-json\/wp\/v2\/posts\/1455\/revisions\/19939"}],"wp:attachment":[{"href":"https:\/\/www.chiesedisicilia.org\/chiesedisicilia\/news\/wp-json\/wp\/v2\/media?parent=1455"}],"wp:term":[{"taxonomy":"category","embeddable":true,"href":"https:\/\/www.chiesedisicilia.org\/chiesedisicilia\/news\/wp-json\/wp\/v2\/categories?post=1455"},{"taxonomy":"post_tag","embeddable":true,"href":"https:\/\/www.chiesedisicilia.org\/chiesedisicilia\/news\/wp-json\/wp\/v2\/tags?post=1455"},{"taxonomy":"news-destination","embeddable":true,"href":"https:\/\/www.chiesedisicilia.org\/chiesedisicilia\/news\/wp-json\/wp\/v2\/news-destination?post=1455"},{"taxonomy":"news-source","embeddable":true,"href":"https:\/\/www.chiesedisicilia.org\/chiesedisicilia\/news\/wp-json\/wp\/v2\/news-source?post=1455"},{"taxonomy":"is_homepage","embeddable":true,"href":"https:\/\/www.chiesedisicilia.org\/chiesedisicilia\/news\/wp-json\/wp\/v2\/is_homepage?post=1455"},{"taxonomy":"ta_other","embeddable":true,"href":"https:\/\/www.chiesedisicilia.org\/chiesedisicilia\/news\/wp-json\/wp\/v2\/ta_other?post=1455"}],"curies":[{"name":"wp","href":"https:\/\/api.w.org\/{rel}","templated":true}]}}