{"id":14451,"date":"2021-03-01T08:45:11","date_gmt":"2021-03-01T07:45:11","guid":{"rendered":"http:\/\/www-chiesedisicilia-org-euwp*.sitenm.com\/?p=14451"},"modified":"2021-03-02T10:57:13","modified_gmt":"2020-05-06T10:57:13","slug":"atto-vandalico-a-corleone","status":"publish","type":"post","link":"https:\/\/www.chiesedisicilia.org\/2021\/03\/01\/atto-vandalico-a-corleone\/","title":{"rendered":"ATTO VANDALICO A CORLEONE"},"content":{"rendered":"<p>Bruciato il portone d\u2019ingresso della chiesa di Sant\u2019Agostino, a Corleone, alle prime luci dell\u2019alba di oggi. Sul posto sono intervenuti i vigili del fuoco che hanno spento l\u2019incendio impedendo danni maggiori alla preziosa chiesa del XV secolo, mentre la Polizia ha effettuato i rilievi per le indagini.<\/p>\n<p><img alt=\"ATTO VANDALICO A CORLEONE\" title=\"ATTO VANDALICO A CORLEONE\" loading=\"lazy\" class=\"size-medium wp-image-18830 alignleft\" src=\"https:\/\/www.chiesedisicilia.org\/chiesedisicilia\/news\/wp-content\/uploads\/sites\/2\/2021\/03\/IMG-20210301-WA0006.jpg\" alt=\"\" width=\"225\" height=\"300\" srcset=\"https:\/\/euwps06.newsmemory.com\/chiesedisicilia\/news\/wp-content\/uploads\/sites\/2\/2021\/03\/IMG-20210301-WA0006.jpg 1200w, https:\/\/euwps06.newsmemory.com\/chiesedisicilia\/news\/wp-content\/uploads\/sites\/2\/2021\/03\/IMG-20210301-WA0006-225x300.jpg 225w, https:\/\/euwps06.newsmemory.com\/chiesedisicilia\/news\/wp-content\/uploads\/sites\/2\/2021\/03\/IMG-20210301-WA0006-768x1024.jpg 768w, https:\/\/euwps06.newsmemory.com\/chiesedisicilia\/news\/wp-content\/uploads\/sites\/2\/2021\/03\/IMG-20210301-WA0006-1152x1536.jpg 1152w, https:\/\/euwps06.newsmemory.com\/chiesedisicilia\/news\/wp-content\/uploads\/sites\/2\/2021\/03\/IMG-20210301-WA0006-750x1000.jpg 750w\" sizes=\"(max-width: 225px) 100vw, 225px\" \/>Un \u201cgesto insensato\u201d, lo definisce la diocesi di Monreale in una nota, di cui non si conoscono le cause, compiuto nel giorno delle celebrazioni liturgiche di san Leoluca. Secondo il parroco, don Luca Leone, \u201ccertamente questo non far\u00e0 mancare la preghiera per questa citt\u00e0 e anche per questi ignoti vandali, affinch\u00e9 per intercessione del Santo Monaco bizantino, il pentimento del male fatto porti frutti nuovi di conversione\u201d.<\/p>\n<p>La diocesi ricorda il \u201cfaticoso\u201d e \u201clungo\u201d lavoro di rinascita per questo paese, che ha visto impegnati in questi anni la Chiesa di Monreale, per mezzo della Caritas diocesana e in partenariato con Confcooperative Sicilia, nella valorizzazione e gestione dei beni culturali ecclesiali a Corleone: \u201cQuesta terra sar\u00e0 bellissima\u201d \u00e8 un progetto di sviluppo di comunit\u00e0, sostenuto con i fondi 8xmille.<\/p>\n<p>Il vescovo Michele Pennisi, che oggi pomeriggio sar\u00e0 a Corleone in occasione della festa del santo patrono della citt\u00e0, cos\u00ec interviene sulla vicenda:<\/p>\n<p><img alt=\"ATTO VANDALICO A CORLEONE\" title=\"ATTO VANDALICO A CORLEONE\" loading=\"lazy\" class=\"size-medium wp-image-14438 alignright\" src=\"https:\/\/www.chiesedisicilia.org\/chiesedisicilia\/news\/wp-content\/uploads\/sites\/2\/2021\/03\/IMG-20210301-WA0009.jpg\" alt=\"\" width=\"225\" height=\"300\" srcset=\"https:\/\/euwps06.newsmemory.com\/chiesedisicilia\/news\/wp-content\/uploads\/sites\/2\/2021\/03\/IMG-20210301-WA0009.jpg 1200w, https:\/\/euwps06.newsmemory.com\/chiesedisicilia\/news\/wp-content\/uploads\/sites\/2\/2021\/03\/IMG-20210301-WA0009-225x300.jpg 225w, https:\/\/euwps06.newsmemory.com\/chiesedisicilia\/news\/wp-content\/uploads\/sites\/2\/2021\/03\/IMG-20210301-WA0009-768x1024.jpg 768w, https:\/\/euwps06.newsmemory.com\/chiesedisicilia\/news\/wp-content\/uploads\/sites\/2\/2021\/03\/IMG-20210301-WA0009-1152x1536.jpg 1152w, https:\/\/euwps06.newsmemory.com\/chiesedisicilia\/news\/wp-content\/uploads\/sites\/2\/2021\/03\/IMG-20210301-WA0009-750x1000.jpg 750w\" sizes=\"(max-width: 225px) 100vw, 225px\" \/>&#8220;<em>Corleone ha una ricca tradizione religiosa e culturale immateriale tramandata dalle 25 confraternite e di cui sono testimoni due santi canonizzati: il monaco bizantino San Leoluca e il cappuccino san Bernardo, al quale si ispir\u00f2 il Manzoni nel delineare la figura di fra Cristoforo.<\/em><\/p>\n<p><em>L\u2019arcidiocesi di Monreale \u00e8 impegnata a indirizzare le nuove generazioni verso la strada della reazione morale alla mafia attraverso una crescita culturale e sociale per sostenere un processo di riappropriazione di una identit\u00e0 positiva da parte degli abitanti di Corleone.\u00a0<\/em><em>Il progetto \u2018Questa terra sar\u00e0 bellissima\u2018, nato dalla sinergia tra la Caritas diocesana, le parrocchie, Confcooperative, l\u2019Amministrazione comunale, nasce dal desiderio di offrire un\u2019opportunit\u00e0 concreta di sviluppo per la comunit\u00e0 attraverso la \u201cvia della bellezza\u201d, che si coniuga con la legalit\u00e0 e la solidariet\u00e0, di cui \u00e8 un segno la cooperativa \u201cNsitu\u201d, concepita come un innesto su un vecchio albero che porter\u00e0 nuovi frutti<\/em>&#8220;.<\/p>\n","protected":false},"excerpt":{"rendered":"","protected":false},"author":4,"featured_media":14448,"comment_status":"closed","ping_status":"closed","sticky":false,"template":"","format":"standard","meta":[],"categories":[30],"tags":[],"news-destination":[],"news-source":[],"is_homepage":[],"ta_other":[],"_links":{"self":[{"href":"https:\/\/www.chiesedisicilia.org\/chiesedisicilia\/news\/wp-json\/wp\/v2\/posts\/14451"}],"collection":[{"href":"https:\/\/www.chiesedisicilia.org\/chiesedisicilia\/news\/wp-json\/wp\/v2\/posts"}],"about":[{"href":"https:\/\/www.chiesedisicilia.org\/chiesedisicilia\/news\/wp-json\/wp\/v2\/types\/post"}],"author":[{"embeddable":true,"href":"https:\/\/www.chiesedisicilia.org\/chiesedisicilia\/news\/wp-json\/wp\/v2\/users\/4"}],"replies":[{"embeddable":true,"href":"https:\/\/www.chiesedisicilia.org\/chiesedisicilia\/news\/wp-json\/wp\/v2\/comments?post=14451"}],"version-history":[{"count":1,"href":"https:\/\/www.chiesedisicilia.org\/chiesedisicilia\/news\/wp-json\/wp\/v2\/posts\/14451\/revisions"}],"predecessor-version":[{"id":23697,"href":"https:\/\/www.chiesedisicilia.org\/chiesedisicilia\/news\/wp-json\/wp\/v2\/posts\/14451\/revisions\/23697"}],"wp:featuredmedia":[{"embeddable":true,"href":"https:\/\/www.chiesedisicilia.org\/chiesedisicilia\/news\/wp-json\/wp\/v2\/media\/14448"}],"wp:attachment":[{"href":"https:\/\/www.chiesedisicilia.org\/chiesedisicilia\/news\/wp-json\/wp\/v2\/media?parent=14451"}],"wp:term":[{"taxonomy":"category","embeddable":true,"href":"https:\/\/www.chiesedisicilia.org\/chiesedisicilia\/news\/wp-json\/wp\/v2\/categories?post=14451"},{"taxonomy":"post_tag","embeddable":true,"href":"https:\/\/www.chiesedisicilia.org\/chiesedisicilia\/news\/wp-json\/wp\/v2\/tags?post=14451"},{"taxonomy":"news-destination","embeddable":true,"href":"https:\/\/www.chiesedisicilia.org\/chiesedisicilia\/news\/wp-json\/wp\/v2\/news-destination?post=14451"},{"taxonomy":"news-source","embeddable":true,"href":"https:\/\/www.chiesedisicilia.org\/chiesedisicilia\/news\/wp-json\/wp\/v2\/news-source?post=14451"},{"taxonomy":"is_homepage","embeddable":true,"href":"https:\/\/www.chiesedisicilia.org\/chiesedisicilia\/news\/wp-json\/wp\/v2\/is_homepage?post=14451"},{"taxonomy":"ta_other","embeddable":true,"href":"https:\/\/www.chiesedisicilia.org\/chiesedisicilia\/news\/wp-json\/wp\/v2\/ta_other?post=14451"}],"curies":[{"name":"wp","href":"https:\/\/api.w.org\/{rel}","templated":true}]}}