{"id":14439,"date":"2021-02-26T10:00:58","date_gmt":"2021-02-26T09:00:58","guid":{"rendered":"https:\/\/euwps03.newsmemory.com\/chiesedisicilia\/news\/?p=14439"},"modified":"2021-02-26T10:01:01","modified_gmt":"2020-05-02T10:01:01","slug":"riformarsi-ed-adattarsi-percorso-formativo-sulla-conversione-pastorale-della-parrocchia","status":"publish","type":"post","link":"https:\/\/www.chiesedisicilia.org\/2021\/02\/26\/riformarsi-ed-adattarsi-percorso-formativo-sulla-conversione-pastorale-della-parrocchia\/","title":{"rendered":"&#8220;RIFORMARSI ED ADATTARSI&#8221;: PERCORSO FORMATIVO SULLA &#8220;CONVERSIONE PASTORALE DELLA PARROCCHIA&#8221;"},"content":{"rendered":"<p>Si \u00e8 concluso, in modalit\u00e0 online, il <a href=\"https:\/\/www.chiesedisicilia.org\/chiesedisicilia\/2021\/02\/15\/la-conversione-pastorale-della-parrocchia-percorso-formativo\/\">percorso formativo sulla Parrocchia (22-25 febbraio 2021)<\/a> proposto dal Centro \u201cMadre del Buon Pastore\u201d. Vi hanno partecipato seminaristi del sesto anno, diaconi transeunti e presbiteri delle diocesi di Palermo, Messina, Monreale, Ragusa, Piazza Armerina, Caltagirone, Cefal\u00f9, Agrigento, Noto.<\/p>\n<p>La Parrocchia, per Papa Francesco deve \u201c<em>assumere forme molto diverse che richiedono la docilit\u00e0 e la creativit\u00e0 missionaria del pastore e della comunit\u00e0<\/em>\u201d. Solo se sapr\u00e0 \u201c<em>riformarsi e adattarsi costantemente, continuer\u00e0 ad essere \u00abla Chiesa stessa che vive in mezzo alle case dei suoi figli e delle sue figlie\u00bb<\/em> (Evangelii Gaudium 28)&#8221;.<\/p>\n<p>Il percorso formativo ha approfondito il tema della parrocchia alla luce dell\u2019Istruzione della Congregazione per il Clero \u201c<em>La conversione pastorale della comunit\u00e0 parrocchiale al servizio della missione evangelizzatrice della Chiesa<\/em>\u201d, pubblicata il 29 giugno 2020.<\/p>\n<p><img alt=\"\"RIFORMARSI ED ADATTARSI\": PERCORSO FORMATIVO SULLA \"CONVERSIONE PASTORALE DELLA PARROCCHIA\"\" title=\"\"RIFORMARSI ED ADATTARSI\": PERCORSO FORMATIVO SULLA \"CONVERSIONE PASTORALE DELLA PARROCCHIA\"\" loading=\"lazy\" class=\"size-medium wp-image-18823 alignleft\" src=\"https:\/\/www.chiesedisicilia.org\/chiesedisicilia\/news\/wp-content\/uploads\/sites\/2\/2021\/02\/Mons.-Ripa.jpg\" alt=\"\" width=\"300\" height=\"225\" srcset=\"https:\/\/euwps06.newsmemory.com\/chiesedisicilia\/news\/wp-content\/uploads\/sites\/2\/2021\/02\/Mons.-Ripa.jpg 2048w, https:\/\/euwps06.newsmemory.com\/chiesedisicilia\/news\/wp-content\/uploads\/sites\/2\/2021\/02\/Mons.-Ripa-300x225.jpg 300w, https:\/\/euwps06.newsmemory.com\/chiesedisicilia\/news\/wp-content\/uploads\/sites\/2\/2021\/02\/Mons.-Ripa-1024x768.jpg 1024w, https:\/\/euwps06.newsmemory.com\/chiesedisicilia\/news\/wp-content\/uploads\/sites\/2\/2021\/02\/Mons.-Ripa-768x576.jpg 768w, https:\/\/euwps06.newsmemory.com\/chiesedisicilia\/news\/wp-content\/uploads\/sites\/2\/2021\/02\/Mons.-Ripa-1536x1152.jpg 1536w, https:\/\/euwps06.newsmemory.com\/chiesedisicilia\/news\/wp-content\/uploads\/sites\/2\/2021\/02\/Mons.-Ripa-750x563.jpg 750w\" sizes=\"(max-width: 300px) 100vw, 300px\" \/>La relazione d\u2019apertura \u00e8 stata tenuta dal <strong>sottosegretario della Congregazione per il Clero mons. Andrea Ripa<\/strong> che ha trattato della Parrocchia \u201ccomunit\u00e0 di comunit\u00e0\u201d. In un suo passaggio ha ripreso l\u2019Istruzione proponendo alle parrocchie di assumere lo stile del santuario, connotato dall\u2019accoglienza, dalla vita di preghiera e dal silenzio che ristora lo spirito. La Parrocchia dovrebbe rappresentare per tutti la meta desiderata della propria ricerca interiore e il luogo dove ci si incontra con il volto di Cristo misericordioso.<\/p>\n<p>Altri relatori hanno proposto aspetti diversi della pastorale parrocchiale: <strong>don Valerio Pennasso<\/strong>, direttore dell\u2019ufficio nazionale della CEI per i beni culturali ecclesiastici, ha trattato della cura del patrimonio, mentre <strong>don Paolo La Terra, cancelliere della diocesi di Ragusa<\/strong> e Assistente ecclesiastico generale dell\u2019Associazione Italiana Guide e Scouts d\u2019Europa Cattolici, ha presentatogli organismi di partecipazione (il consiglio pastorale parrocchiale e il consiglio per gli affari economici).<\/p>\n<p><strong><img alt=\"\"RIFORMARSI ED ADATTARSI\": PERCORSO FORMATIVO SULLA \"CONVERSIONE PASTORALE DELLA PARROCCHIA\"\" title=\"\"RIFORMARSI ED ADATTARSI\": PERCORSO FORMATIVO SULLA \"CONVERSIONE PASTORALE DELLA PARROCCHIA\"\" loading=\"lazy\" class=\"size-medium  alignright\" src=\"http:\/\/euwp05.newsmemory.com\/chiesedisicilia\/news\/wp-content\/uploads\/sites\/2\/2021\/02\/CMBP-percorso-parrocchia-online-1-300x173.jpg\" alt=\"\" width=\"300\" height=\"173\" \/>Don Vito Impellizzeri, Direttore dell\u2019ISSR di Palermo<\/strong>, ha offerto ai partecipanti una riflessione sul cambiamento d\u2019epoca, il tempo sospeso e il \u201cglocale\u201d. Ha concluso con tre metafore (il patto tragenerazioni, la costruzione di comunit\u00e0, il non luogo della soglia) e tre sfide (sapienza, prossimit\u00e0,contemplazione).<\/p>\n<p>La sessione conclusiva \u00e8 stata affidata a <strong>mons. Nunzio Galantino, Presidente dell\u2019Amministrazione del Patrimonio della Sede Apostolica<\/strong>, il quale ha trattato di tre nuclei fondamentali: i fini costitutivi di chi amministra i beni ecclesiali, i rischi e le opportunit\u00e0. Il rischio maggiore \u00e8 quello di usare il proprio ruolo ai fini del potere. C\u2019\u00e8 la tentazione \u2013 ha proseguito il vescovo Galantino &#8211; di comportarsi come uno che conta e non come uno che serve. \u00c8 necessario che la Chiesa acquisti credibilit\u00e0 attraverso la trasparenza e la corresponsabilit\u00e0.<\/p>\n<p>Si ringraziano: l\u2019Ufficio Stampa nella persona di Chiara Ippolito, il direttore della Segreteria della Conferenza Episcopale Siciliana don Giuseppe Rabita e il tecnico Giuseppe Nicolosi.<\/p>\n<p style=\"text-align: right\"><em>don Calogero Cerami<\/em><\/p>\n<p style=\"text-align: right\"><em>Direttore regionale del Centro \u201cMadre del Buon Pastore\u201d<\/em><\/p>\n","protected":false},"excerpt":{"rendered":"","protected":false},"author":4,"featured_media":14437,"comment_status":"closed","ping_status":"closed","sticky":false,"template":"","format":"standard","meta":[],"categories":[7],"tags":[],"news-destination":[],"news-source":[],"is_homepage":[],"ta_other":[],"_links":{"self":[{"href":"https:\/\/www.chiesedisicilia.org\/chiesedisicilia\/news\/wp-json\/wp\/v2\/posts\/14439"}],"collection":[{"href":"https:\/\/www.chiesedisicilia.org\/chiesedisicilia\/news\/wp-json\/wp\/v2\/posts"}],"about":[{"href":"https:\/\/www.chiesedisicilia.org\/chiesedisicilia\/news\/wp-json\/wp\/v2\/types\/post"}],"author":[{"embeddable":true,"href":"https:\/\/www.chiesedisicilia.org\/chiesedisicilia\/news\/wp-json\/wp\/v2\/users\/4"}],"replies":[{"embeddable":true,"href":"https:\/\/www.chiesedisicilia.org\/chiesedisicilia\/news\/wp-json\/wp\/v2\/comments?post=14439"}],"version-history":[{"count":1,"href":"https:\/\/www.chiesedisicilia.org\/chiesedisicilia\/news\/wp-json\/wp\/v2\/posts\/14439\/revisions"}],"predecessor-version":[{"id":24120,"href":"https:\/\/www.chiesedisicilia.org\/chiesedisicilia\/news\/wp-json\/wp\/v2\/posts\/14439\/revisions\/24120"}],"wp:featuredmedia":[{"embeddable":true,"href":"https:\/\/www.chiesedisicilia.org\/chiesedisicilia\/news\/wp-json\/wp\/v2\/media\/14437"}],"wp:attachment":[{"href":"https:\/\/www.chiesedisicilia.org\/chiesedisicilia\/news\/wp-json\/wp\/v2\/media?parent=14439"}],"wp:term":[{"taxonomy":"category","embeddable":true,"href":"https:\/\/www.chiesedisicilia.org\/chiesedisicilia\/news\/wp-json\/wp\/v2\/categories?post=14439"},{"taxonomy":"post_tag","embeddable":true,"href":"https:\/\/www.chiesedisicilia.org\/chiesedisicilia\/news\/wp-json\/wp\/v2\/tags?post=14439"},{"taxonomy":"news-destination","embeddable":true,"href":"https:\/\/www.chiesedisicilia.org\/chiesedisicilia\/news\/wp-json\/wp\/v2\/news-destination?post=14439"},{"taxonomy":"news-source","embeddable":true,"href":"https:\/\/www.chiesedisicilia.org\/chiesedisicilia\/news\/wp-json\/wp\/v2\/news-source?post=14439"},{"taxonomy":"is_homepage","embeddable":true,"href":"https:\/\/www.chiesedisicilia.org\/chiesedisicilia\/news\/wp-json\/wp\/v2\/is_homepage?post=14439"},{"taxonomy":"ta_other","embeddable":true,"href":"https:\/\/www.chiesedisicilia.org\/chiesedisicilia\/news\/wp-json\/wp\/v2\/ta_other?post=14439"}],"curies":[{"name":"wp","href":"https:\/\/api.w.org\/{rel}","templated":true}]}}