{"id":1426,"date":"2017-11-09T10:51:00","date_gmt":"2017-11-09T09:51:00","guid":{"rendered":"http:\/\/wptestsite.tecnavia.com\/chiesedisicilia_clientsite\/news\/2017\/11\/09\/agrigento-traslate-le-spoglie-mortali-del-vescovo-mons-giuseppe-petralia\/"},"modified":"2018-11-09T10:55:25","modified_gmt":"2018-01-13T10:55:25","slug":"agrigento-traslate-le-spoglie-mortali-del-vescovo-mons-giuseppe-petralia","status":"publish","type":"post","link":"https:\/\/www.chiesedisicilia.org\/2017\/11\/09\/agrigento-traslate-le-spoglie-mortali-del-vescovo-mons-giuseppe-petralia\/","title":{"rendered":"AGRIGENTO. TRASLATE LE SPOGLIE MORTALI DEL VESCOVO MONS. GIUSEPPE PETRALIA"},"content":{"rendered":"<div><span style=\"font-size: 12pt; font-family: \"Times New Roman\", serif; background-image: initial; background-position: initial; background-size: initial; background-repeat: initial; background-attachment: initial; background-origin: initial; background-clip: initial;\"><span style=\"font-size: medium;\"><span style=\"font-family: \"Times New Roman\";\">I resti mortali di mons. Giuseppe Petralia, passato alla storia come il primo vescovo antimafia, sono stati traslati dalla cattedrale di Agrigento alla concattedrale di San Domenico al termine della celebrazione eucaristica presieduta dal card. Francesco Montenegro. Dopo un breve ricordo della figura di mons. Petralia, vescovo di Agrigento dal 1963 al 1980, il feretro \u00e8 stato accompagnato in forma privata nella concattedrale di San Domenico, dove \u00e8 stato preparato il sepolcro che accoglier\u00e0 i suoi resti mortali. \u201cLa traslazione \u2013 si legge sul sito web de \u2018L\u2019Amico del Popolo\u2019 \u2013 si \u00e8 resa necessaria a causa dell\u2019acuirsi del quadro fessurativo della navata nord della cattedrale, dove mons. Petralia nel 2000, in seguito al decesso, come da lui disposto nel testamento, era stato seppellito\u201d. Benemerito del giornalismo italiano e siciliano, fu incaricato della direzione di \u201cVoce cattolica\u201d e della supervisione a \u201cSicilia del popolo\u201d. Inoltre, per la direzione del settimanale diocesano agrigentino \u201cL\u2019Amico del Popolo\u201d, ha meritato la medaglia d\u2019oro al giornalismo in campo nazionale. Scrisse anche per \u201cL\u2019Osservatore Romano\u201d e su \u201cVita e pensiero\u201d. Il 27 marzo del 1965 in un\u2019intervista concessa al \u201cGiornale di Sicilia\u201d, \u201caveva richiamato alla necessit\u00e0 di un serio studio del \u2018fenomeno mafioso\u2019, da non confondersi, aveva chiarito, con \u2018la comune delinquenza organizzata\u2019\u201d. \u201cIl suo episcopato \u2013 aggiunge il settimanale diocesano \u2013 si colloca tutto nella nuova atmosfera del Vaticano II\u201d. \u201cLe ferite della frana di Agrigento, il travaglio per la riapertura della cattedrale e la tremenda sciagura del terremoto nella Valle del Belice del 14 gennaio 1968, l\u2019hanno visto impegnato per condividere e lenire le laceranti piaghe della popolazione\u201d. [01]<\/span><\/span><\/span><span style=\"font-size:12.0pt;font-family:\"Times New Roman\",\"serif\"\"><o:p><\/o:p><\/span><\/div>\n","protected":false},"excerpt":{"rendered":"","protected":false},"author":1,"featured_media":0,"comment_status":"open","ping_status":"open","sticky":false,"template":"","format":"standard","meta":[],"categories":[30],"tags":[],"news-destination":[],"news-source":[],"is_homepage":[],"ta_other":[],"_links":{"self":[{"href":"https:\/\/www.chiesedisicilia.org\/chiesedisicilia\/news\/wp-json\/wp\/v2\/posts\/1426"}],"collection":[{"href":"https:\/\/www.chiesedisicilia.org\/chiesedisicilia\/news\/wp-json\/wp\/v2\/posts"}],"about":[{"href":"https:\/\/www.chiesedisicilia.org\/chiesedisicilia\/news\/wp-json\/wp\/v2\/types\/post"}],"author":[{"embeddable":true,"href":"https:\/\/www.chiesedisicilia.org\/chiesedisicilia\/news\/wp-json\/wp\/v2\/users\/1"}],"replies":[{"embeddable":true,"href":"https:\/\/www.chiesedisicilia.org\/chiesedisicilia\/news\/wp-json\/wp\/v2\/comments?post=1426"}],"version-history":[{"count":1,"href":"https:\/\/www.chiesedisicilia.org\/chiesedisicilia\/news\/wp-json\/wp\/v2\/posts\/1426\/revisions"}],"predecessor-version":[{"id":19908,"href":"https:\/\/www.chiesedisicilia.org\/chiesedisicilia\/news\/wp-json\/wp\/v2\/posts\/1426\/revisions\/19908"}],"wp:attachment":[{"href":"https:\/\/www.chiesedisicilia.org\/chiesedisicilia\/news\/wp-json\/wp\/v2\/media?parent=1426"}],"wp:term":[{"taxonomy":"category","embeddable":true,"href":"https:\/\/www.chiesedisicilia.org\/chiesedisicilia\/news\/wp-json\/wp\/v2\/categories?post=1426"},{"taxonomy":"post_tag","embeddable":true,"href":"https:\/\/www.chiesedisicilia.org\/chiesedisicilia\/news\/wp-json\/wp\/v2\/tags?post=1426"},{"taxonomy":"news-destination","embeddable":true,"href":"https:\/\/www.chiesedisicilia.org\/chiesedisicilia\/news\/wp-json\/wp\/v2\/news-destination?post=1426"},{"taxonomy":"news-source","embeddable":true,"href":"https:\/\/www.chiesedisicilia.org\/chiesedisicilia\/news\/wp-json\/wp\/v2\/news-source?post=1426"},{"taxonomy":"is_homepage","embeddable":true,"href":"https:\/\/www.chiesedisicilia.org\/chiesedisicilia\/news\/wp-json\/wp\/v2\/is_homepage?post=1426"},{"taxonomy":"ta_other","embeddable":true,"href":"https:\/\/www.chiesedisicilia.org\/chiesedisicilia\/news\/wp-json\/wp\/v2\/ta_other?post=1426"}],"curies":[{"name":"wp","href":"https:\/\/api.w.org\/{rel}","templated":true}]}}