{"id":14117,"date":"2021-02-20T21:02:50","date_gmt":"2021-02-20T20:02:50","guid":{"rendered":"http:\/\/www.chiesedisicilia.org\/chiesedisicilia\/?p=14117"},"modified":"2021-02-20T21:02:54","modified_gmt":"2020-04-26T21:02:54","slug":"la-serva-di-dio-elisa-giambelluca-e-venerabile","status":"publish","type":"post","link":"https:\/\/www.chiesedisicilia.org\/2021\/02\/20\/la-serva-di-dio-elisa-giambelluca-e-venerabile\/","title":{"rendered":"LA SERVA DI DIO ELISA GIAMBELLUCA \u00c8 VENERABILE"},"content":{"rendered":"<p>Papa Francesco ha riconosciuto le &#8220;virt\u00f9 eroiche&#8221; della Serva di Dio Elisa Giambelluca, fedele laica nata a Isnello il 30 aprile 1941, dell&#8217;Istituzione Teresiana. \u00a0La causa di beatificazione \u00e8 stata aperta il 29 marzo 2009 e si \u00e8 incentrata sulla sua &#8220;vita semplice e dedita&#8221; che, come si legge in una nota stampa della Curia cefaludese, &#8220;\u00e8 stata una testimonianza preziosa per molte persone che hanno riconosciuto in lei i valori evangelici vissuti in modo naturale e radicale&#8221;.<\/p>\n<p>&#8220;<em>Esprimo la gratitudine al Signore per aver suscitato in mezzo al Popolo Santo di Dio della Diocesi di Cefal\u00f9 questo segno di santit\u00e0. Esprimo felicitazioni alla comunit\u00e0 di Isnello\u00a0<\/em>&#8211; scrive il <strong>vescovo di Cefal\u00f9, mons. Giuseppe Marciante<\/strong> &#8211;\u00a0<em>che le ha dato i natali e i primi rudimenti della fede e ne custodisce con devozione il corpo. Unisco inoltre la mia gioia a quella della Famiglia dell&#8217;Istituzione Teresiana e dell&#8217;Associazione &#8220;Amici di Elisa Giambelluca&#8221; che hanno diffuso la &#8220;santit\u00e0 feriale&#8221; di Elisa, promuovendone la causa di beatificazione. Ringrazio anche la postulatrice, Maria Encarnacion Gonzales Rodriguez che, con tanto entusiasmo, sta portando avanti la causa di Elisa Giambelluca<\/em>&#8220;.<\/p>\n<p>&nbsp;<\/p>\n<p><strong><u>Biografia<\/u><\/strong><br \/>\nElisa Giambelluca era nata a Isnello il 30 aprile 1941.<\/p>\n<p>Ultima di sette figli di una famiglia credente, dopo il liceo classico a Cefal\u00f9 si trasfer\u00ec nel 1960 a Palermo per studiare Matematica e Fisica.Viveva nella residenza universitaria \u201cLa casa dell&#8217;universitaria\u201d dell&#8217;Istituzione Teresiana, dove si lasci\u00f2 conquistare dal carisma di San Pedro Poveda, una vocazione laicale di servizio al Vangelo a partire dall&#8217;istruzione. Conseguita la laurea nel 1965, inizi\u00f2 a lavorare a Rossano (Cosenza) come docente all&#8217;Istituto San Pio X. Nel 1968 si trasfer\u00ec a Torino, dove and\u00f2 a insegnare in un istituto tecnico industriale pubblico.<\/p>\n<p>Diresse anche una scuola media aggregata all&#8217;\u201cEducatorio della Provvidenza\u201d.<\/p>\n<p>Si rec\u00f2 poi a Roma, collaborando alla residenza universitaria dell&#8217;Istituzione Teresiana e insegnando in un liceo.Tra il 1972 e il 1973 svolse un corso di approfondimento spirituale e culturale al Centro Internazionale di Formazione dell&#8217;Istituzione Teresiana a Poggio Mirteto (Rieti). Torn\u00f2 a Rossano come docente e preside dell&#8217;istituto per il Magistero, in cui svilupp\u00f2 un interessante progetto di innovazione educativa.<\/p>\n<p>Nel 1983 si trasfer\u00ec a Vescovio (Rieti), vicino al Santuario della \u201cMadonna della Lode\u201d, ma inizi\u00f2 ad avere problemi di salute a causa di un tumore. Continu\u00f2 a insegnare in un istituto professionale per l&#8217;Agricoltura a Forano, ma le sue condizioni peggiorarono notevolmente.Offr\u00ec la sua vita per i sacerdoti in situazioni difficili e per le vocazioni. Elisa mor\u00ec a Roma il 5 luglio 1986, a 45 anni.<\/p>\n<p>La sua vita semplice e dedita \u00e8 stata una testimonianza preziosa per molte persone che hanno riconosciuto in lei i valori evangelici vissuti in modo naturale e radicale.<\/p>\n<p>Viene ricordata come una persona accogliente, sempre sorridente e serena, anche nel duro periodo della malattia.<\/p>\n<p>La sua causa di beatificazione \u00e8 stata aperta il 29 marzo 2009.<\/p>\n","protected":false},"excerpt":{"rendered":"","protected":false},"author":4,"featured_media":14118,"comment_status":"closed","ping_status":"closed","sticky":false,"template":"","format":"standard","meta":[],"categories":[30],"tags":[],"news-destination":[],"news-source":[],"is_homepage":[],"ta_other":[],"_links":{"self":[{"href":"https:\/\/www.chiesedisicilia.org\/chiesedisicilia\/news\/wp-json\/wp\/v2\/posts\/14117"}],"collection":[{"href":"https:\/\/www.chiesedisicilia.org\/chiesedisicilia\/news\/wp-json\/wp\/v2\/posts"}],"about":[{"href":"https:\/\/www.chiesedisicilia.org\/chiesedisicilia\/news\/wp-json\/wp\/v2\/types\/post"}],"author":[{"embeddable":true,"href":"https:\/\/www.chiesedisicilia.org\/chiesedisicilia\/news\/wp-json\/wp\/v2\/users\/4"}],"replies":[{"embeddable":true,"href":"https:\/\/www.chiesedisicilia.org\/chiesedisicilia\/news\/wp-json\/wp\/v2\/comments?post=14117"}],"version-history":[{"count":1,"href":"https:\/\/www.chiesedisicilia.org\/chiesedisicilia\/news\/wp-json\/wp\/v2\/posts\/14117\/revisions"}],"predecessor-version":[{"id":14119,"href":"https:\/\/www.chiesedisicilia.org\/chiesedisicilia\/news\/wp-json\/wp\/v2\/posts\/14117\/revisions\/14119"}],"wp:featuredmedia":[{"embeddable":true,"href":"https:\/\/www.chiesedisicilia.org\/chiesedisicilia\/news\/wp-json\/wp\/v2\/media\/14118"}],"wp:attachment":[{"href":"https:\/\/www.chiesedisicilia.org\/chiesedisicilia\/news\/wp-json\/wp\/v2\/media?parent=14117"}],"wp:term":[{"taxonomy":"category","embeddable":true,"href":"https:\/\/www.chiesedisicilia.org\/chiesedisicilia\/news\/wp-json\/wp\/v2\/categories?post=14117"},{"taxonomy":"post_tag","embeddable":true,"href":"https:\/\/www.chiesedisicilia.org\/chiesedisicilia\/news\/wp-json\/wp\/v2\/tags?post=14117"},{"taxonomy":"news-destination","embeddable":true,"href":"https:\/\/www.chiesedisicilia.org\/chiesedisicilia\/news\/wp-json\/wp\/v2\/news-destination?post=14117"},{"taxonomy":"news-source","embeddable":true,"href":"https:\/\/www.chiesedisicilia.org\/chiesedisicilia\/news\/wp-json\/wp\/v2\/news-source?post=14117"},{"taxonomy":"is_homepage","embeddable":true,"href":"https:\/\/www.chiesedisicilia.org\/chiesedisicilia\/news\/wp-json\/wp\/v2\/is_homepage?post=14117"},{"taxonomy":"ta_other","embeddable":true,"href":"https:\/\/www.chiesedisicilia.org\/chiesedisicilia\/news\/wp-json\/wp\/v2\/ta_other?post=14117"}],"curies":[{"name":"wp","href":"https:\/\/api.w.org\/{rel}","templated":true}]}}