{"id":14100,"date":"2021-02-15T09:44:00","date_gmt":"2021-02-15T08:44:00","guid":{"rendered":"http:\/\/www.chiesedisicilia.org\/chiesedisicilia\/?p=14100"},"modified":"2021-02-26T10:02:05","modified_gmt":"2020-05-02T10:02:05","slug":"la-conversione-pastorale-della-parrocchia-percorso-formativo","status":"publish","type":"post","link":"https:\/\/www.chiesedisicilia.org\/2021\/02\/15\/la-conversione-pastorale-della-parrocchia-percorso-formativo\/","title":{"rendered":"&#8220;LA CONVERSIONE PASTORALE DELLA PARROCCHIA&#8221;: PERCORSO FORMATIVO"},"content":{"rendered":"<p>Il Centro &#8220;Madre del Buon Pastore&#8221; per la formazione permanente del clero ha organizzato un percorso formativo sulla parrocchia che si propone di accompagnare e sostenere i presbiteri &#8220;a non confondere l&#8217;efficacia apostolica con l&#8217;efficienza manageriale&#8221;. L&#8217;indicazione arriva direttamente da Papa Francesco, il quale sollecita ad &#8220;imparare ad affrontare anche tale impegno come esercizio di una responsabilit\u00e0 pastorale, da vivere con sobriet\u00e0 ed essenzialit\u00e0&#8221;.<\/p>\n<p>Il tema scelto per il percorso \u00e8 &#8220;La\u00a0conversione pastorale della Parrocchia&#8221; e fa riferimento chiaro alla <em>Istruzione<\/em>\u00a0della Congregazione per il Clero che ha per titolo &#8220;La conversione pastorale della comunit\u00e0 parrocchiale al servizio della missione evangelizzatrice della Chiesa&#8221;. Si svolger\u00e0 on line, sulla piattaforma Cisco webex della Conferenza episcopale siciliana dal 22 pomeriggio al 25 mattina.<\/p>\n<p>La conduzione \u00e8 affidata a personaggio e docenti riconosciuti per le loro competenze professionali. Tra questi: <strong>don Andrea Ripa<\/strong>, sotto-segretario della Congregazione per il Clero; <strong>don Giovanni Villata<\/strong>, responsabile del Servizio per la Formazione degli operatori pastorali dell&#8217;Arcidiocesi di Torino; <strong>don Valerio Pennasso<\/strong>, direttore dell&#8217;Ufficio nazionale CEI per i Beni culturali ecclesiastici; <strong>don Paolo La Terra<\/strong>, cancelliere della diocesi di Ragusa e assistente ecclesiastico generale dell&#8217;Associazione italiana Guide e Scouts d&#8217;Europa; <strong>don Vito Impellizzeri<\/strong>, direttore dell&#8217;Issr di Palermo; <strong>mons. Nunzio Galantino<\/strong>, presidente dell&#8217;Amministrazione del Patrimonio della Sede apostolica.<\/p>\n<p>Il percorso formativo \u00e8 rivolto agli allievi del VI anno di Teologia, ai diaconi, ai presbiteri ordinati di recente, ai vicari parrocchiali, ai neo-parroci, ma ogni anno \u00e8 frequentato per approfondimento anche da chi esercita il ministero pastorale parrocchiale da diverso tempo.<\/p>\n<p><a href=\"https:\/\/docs.google.com\/forms\/d\/e\/1FAIpQLSeqC2WmG7L6P13BpCtWMLnA7rnL0pNUIC69rpRB0_WYjvj3fw\/viewform\" target=\"_blank\" rel=\"noopener\"><strong>Iscriviti<\/strong><\/a><\/p>\n<p><a href=\"https:\/\/www.chiesedisicilia.org\/chiesedisicilia\/news\/wp-content\/uploads\/sites\/2\/2021\/02\/Liberatoria-pubblicazione-contenuti-multimediali-CESi.pdf\">Liberatoria pubblicazione contenuti multimediali CESi<\/a>\u00a0(da firmare ed inviare alla Segreteria pastorale segreteriapastorale@chiesedisicilia.org)<\/p>\n<p>&nbsp;<\/p>\n","protected":false},"excerpt":{"rendered":"","protected":false},"author":4,"featured_media":14104,"comment_status":"closed","ping_status":"closed","sticky":false,"template":"","format":"standard","meta":[],"categories":[7],"tags":[],"news-destination":[],"news-source":[],"is_homepage":[],"ta_other":[],"_links":{"self":[{"href":"https:\/\/www.chiesedisicilia.org\/chiesedisicilia\/news\/wp-json\/wp\/v2\/posts\/14100"}],"collection":[{"href":"https:\/\/www.chiesedisicilia.org\/chiesedisicilia\/news\/wp-json\/wp\/v2\/posts"}],"about":[{"href":"https:\/\/www.chiesedisicilia.org\/chiesedisicilia\/news\/wp-json\/wp\/v2\/types\/post"}],"author":[{"embeddable":true,"href":"https:\/\/www.chiesedisicilia.org\/chiesedisicilia\/news\/wp-json\/wp\/v2\/users\/4"}],"replies":[{"embeddable":true,"href":"https:\/\/www.chiesedisicilia.org\/chiesedisicilia\/news\/wp-json\/wp\/v2\/comments?post=14100"}],"version-history":[{"count":10,"href":"https:\/\/www.chiesedisicilia.org\/chiesedisicilia\/news\/wp-json\/wp\/v2\/posts\/14100\/revisions"}],"predecessor-version":[{"id":14440,"href":"https:\/\/www.chiesedisicilia.org\/chiesedisicilia\/news\/wp-json\/wp\/v2\/posts\/14100\/revisions\/14440"}],"wp:featuredmedia":[{"embeddable":true,"href":"https:\/\/www.chiesedisicilia.org\/chiesedisicilia\/news\/wp-json\/wp\/v2\/media\/14104"}],"wp:attachment":[{"href":"https:\/\/www.chiesedisicilia.org\/chiesedisicilia\/news\/wp-json\/wp\/v2\/media?parent=14100"}],"wp:term":[{"taxonomy":"category","embeddable":true,"href":"https:\/\/www.chiesedisicilia.org\/chiesedisicilia\/news\/wp-json\/wp\/v2\/categories?post=14100"},{"taxonomy":"post_tag","embeddable":true,"href":"https:\/\/www.chiesedisicilia.org\/chiesedisicilia\/news\/wp-json\/wp\/v2\/tags?post=14100"},{"taxonomy":"news-destination","embeddable":true,"href":"https:\/\/www.chiesedisicilia.org\/chiesedisicilia\/news\/wp-json\/wp\/v2\/news-destination?post=14100"},{"taxonomy":"news-source","embeddable":true,"href":"https:\/\/www.chiesedisicilia.org\/chiesedisicilia\/news\/wp-json\/wp\/v2\/news-source?post=14100"},{"taxonomy":"is_homepage","embeddable":true,"href":"https:\/\/www.chiesedisicilia.org\/chiesedisicilia\/news\/wp-json\/wp\/v2\/is_homepage?post=14100"},{"taxonomy":"ta_other","embeddable":true,"href":"https:\/\/www.chiesedisicilia.org\/chiesedisicilia\/news\/wp-json\/wp\/v2\/ta_other?post=14100"}],"curies":[{"name":"wp","href":"https:\/\/api.w.org\/{rel}","templated":true}]}}