{"id":14096,"date":"2021-02-05T18:20:02","date_gmt":"2021-02-05T17:20:02","guid":{"rendered":"http:\/\/www.chiesedisicilia.org\/chiesedisicilia\/?p=14096"},"modified":"2021-02-22T10:46:21","modified_gmt":"2020-04-28T10:46:21","slug":"il-giudice-rosario-livatino-sara-beato","status":"publish","type":"post","link":"https:\/\/www.chiesedisicilia.org\/2021\/02\/05\/il-giudice-rosario-livatino-sara-beato\/","title":{"rendered":"IL GIUDICE ROSARIO LIVATINO SAR\u00c0 BEATO"},"content":{"rendered":"<p>Il 5 febbraio 2021, nella sala \u201cGiovanni Paolo II\u201d del Palazzo Arcivescovile, l\u2019arcivescovo, card. Francesco Montenegro e l\u2019arcivescovo coadiutore, mons. Alessandro Damiano hanno annunciato la data della beatificazione del giudice Rosario Angelo Livatino.<br \/>\n<strong><img alt=\"IL GIUDICE ROSARIO LIVATINO SAR\u00c0 BEATO\" title=\"IL GIUDICE ROSARIO LIVATINO SAR\u00c0 BEATO\" loading=\"lazy\" class=\"size-medium wp-image-14097 alignleft\" src=\"https:\/\/www.chiesedisicilia.org\/chiesedisicilia\/news\/wp-content\/uploads\/sites\/2\/2021\/02\/5376CF81-D3AC-4892-BCB7-3E755CC894EB.png\" alt=\"\" width=\"300\" height=\"200\" srcset=\"https:\/\/euwps06.newsmemory.com\/chiesedisicilia\/news\/wp-content\/uploads\/sites\/2\/2021\/02\/5376CF81-D3AC-4892-BCB7-3E755CC894EB.png 696w, https:\/\/euwps06.newsmemory.com\/chiesedisicilia\/news\/wp-content\/uploads\/sites\/2\/2021\/02\/5376CF81-D3AC-4892-BCB7-3E755CC894EB-300x200.png 300w\" sizes=\"(max-width: 300px) 100vw, 300px\" \/>La celebrazione si terr\u00e0, nella Basilica Cattedrale di Agrigento, \u00a0domenica 9 maggio 2021<\/strong>, anniversario della visita di san Giovanni Paolo II nella Citt\u00e0 dei templi.<br \/>\nAll\u2019incontro hanno partecipato i rappresentanti delle autorit\u00e0 civili, ecclesiali e della magistratura provinciale nonch\u00e9 dei comuni di Canicatt\u00ec e Agrigento.<\/p>\n<p>In preparazione all\u2019evento saranno predisposte delle iniziative di carattere civile ed ecclesiale sulla figura del prossimo Beato.<\/p>\n<p>Carmelo Petrone<\/p>\n<p>[<a href=\"https:\/\/www.lamicodelpopolo.it\/il-9-maggio-rosario-livatino-sara-beato\/\">L&#8217;amico del popolo<\/a>]<\/p>\n","protected":false},"excerpt":{"rendered":"","protected":false},"author":4,"featured_media":9178,"comment_status":"closed","ping_status":"closed","sticky":false,"template":"","format":"standard","meta":[],"categories":[30],"tags":[],"news-destination":[],"news-source":[],"is_homepage":[],"ta_other":[],"_links":{"self":[{"href":"https:\/\/www.chiesedisicilia.org\/chiesedisicilia\/news\/wp-json\/wp\/v2\/posts\/14096"}],"collection":[{"href":"https:\/\/www.chiesedisicilia.org\/chiesedisicilia\/news\/wp-json\/wp\/v2\/posts"}],"about":[{"href":"https:\/\/www.chiesedisicilia.org\/chiesedisicilia\/news\/wp-json\/wp\/v2\/types\/post"}],"author":[{"embeddable":true,"href":"https:\/\/www.chiesedisicilia.org\/chiesedisicilia\/news\/wp-json\/wp\/v2\/users\/4"}],"replies":[{"embeddable":true,"href":"https:\/\/www.chiesedisicilia.org\/chiesedisicilia\/news\/wp-json\/wp\/v2\/comments?post=14096"}],"version-history":[{"count":1,"href":"https:\/\/www.chiesedisicilia.org\/chiesedisicilia\/news\/wp-json\/wp\/v2\/posts\/14096\/revisions"}],"predecessor-version":[{"id":14098,"href":"https:\/\/www.chiesedisicilia.org\/chiesedisicilia\/news\/wp-json\/wp\/v2\/posts\/14096\/revisions\/14098"}],"wp:featuredmedia":[{"embeddable":true,"href":"https:\/\/www.chiesedisicilia.org\/chiesedisicilia\/news\/wp-json\/wp\/v2\/media\/9178"}],"wp:attachment":[{"href":"https:\/\/www.chiesedisicilia.org\/chiesedisicilia\/news\/wp-json\/wp\/v2\/media?parent=14096"}],"wp:term":[{"taxonomy":"category","embeddable":true,"href":"https:\/\/www.chiesedisicilia.org\/chiesedisicilia\/news\/wp-json\/wp\/v2\/categories?post=14096"},{"taxonomy":"post_tag","embeddable":true,"href":"https:\/\/www.chiesedisicilia.org\/chiesedisicilia\/news\/wp-json\/wp\/v2\/tags?post=14096"},{"taxonomy":"news-destination","embeddable":true,"href":"https:\/\/www.chiesedisicilia.org\/chiesedisicilia\/news\/wp-json\/wp\/v2\/news-destination?post=14096"},{"taxonomy":"news-source","embeddable":true,"href":"https:\/\/www.chiesedisicilia.org\/chiesedisicilia\/news\/wp-json\/wp\/v2\/news-source?post=14096"},{"taxonomy":"is_homepage","embeddable":true,"href":"https:\/\/www.chiesedisicilia.org\/chiesedisicilia\/news\/wp-json\/wp\/v2\/is_homepage?post=14096"},{"taxonomy":"ta_other","embeddable":true,"href":"https:\/\/www.chiesedisicilia.org\/chiesedisicilia\/news\/wp-json\/wp\/v2\/ta_other?post=14096"}],"curies":[{"name":"wp","href":"https:\/\/api.w.org\/{rel}","templated":true}]}}