{"id":14064,"date":"2021-01-23T20:32:22","date_gmt":"2021-01-23T19:32:22","guid":{"rendered":"http:\/\/www.chiesedisicilia.org\/chiesedisicilia\/?p=14064"},"modified":"2021-01-23T20:36:27","modified_gmt":"2020-03-29T20:36:27","slug":"giornalisti-coraggio-e-amore-alla-verita-anche-contro-i-propri-interessi","status":"publish","type":"post","link":"https:\/\/www.chiesedisicilia.org\/2021\/01\/23\/giornalisti-coraggio-e-amore-alla-verita-anche-contro-i-propri-interessi\/","title":{"rendered":"GIORNALISTI: &#8220;CORAGGIO E AMORE ALLA VERIT\u00c0, ANCHE CONTRO I PROPRI INTERESSI&#8221;"},"content":{"rendered":"<p>\u201c<em>Il servizio del giornalista impone generosit\u00e0 e abnegazione, correttezza umana ed intellettuale, coraggio e amore alla verit\u00e0, anche contro i propri interessi personali<\/em>\u201c. E\u2019 uno dei passaggi del messaggio di auguri che <strong>l\u2019arcivescovo di Siracusa, mons. Francesco Lomanto<\/strong>, delegato per le Comunicazioni Sociali della Conferenza Episcopale Siciliana, ha voluto inviare a tutti i giornalisti che il 24 gennaio celebrano la festa di San Francesco di Sales, patrono dei giornalisti.<\/p>\n<p>Nel giorno in cui si fa memoria liturgica del patrono dei giornalisti, l\u2019arcivescovo Lomanto, alle ore 12.00, presieder\u00e0 una celebrazione eucaristica nella Basilica Santuario della Madonna delle Lacrime, a Siracusa. L\u2019iniziativa \u00e8 promossa dall\u2019Ufficio per la Pastorale delle Comunicazioni Sociali della Diocesi e dall\u2019UCSI (Unione Cattolica Stampa Italiana) Sicilia.<\/p>\n<p>\u201c<em>La Festa di San Francesco di Sales, scelto quale patrono dei Giornalisti per la sua genialit\u00e0 nel comunicare, \u00e8 motivo di \u201cincoraggiamento\u201d per quanti sono impegnati nella comunicazione sociale<\/em> \u2013 scrive l\u2019arcivescovo -.\u00a0<em>Il potere insito nelle parole pu\u00f2 fare la differenza: da come si utilizzano le parole si costruisce o si distrugge il bene comune. Viceversa, anche il silenzio pu\u00f2 avere una forza distruttiva. Scrive Fernando Pascual: \u00ab<\/em>La stampa pu\u00f2 esaltare o pu\u00f2 denigrare.\u00a0Pu\u00f2 difendere o pu\u00f2 attaccare.\u00a0Pu\u00f2 salvare o affondare.\u00a0Ma ha una dimensione peculiare che non sempre ricordiamo: pu\u00f2 tacere, nascondere, nascondere<em>\u00bb.\u00a0Il servizio del Giornalista impone generosit\u00e0 e abnegazione, correttezza umana ed intellettuale, coraggio e amore alla verit\u00e0, anche contro i propri interessi personali. Papa Francesco, maestro della comunicazione, raccomanda: \u00ab<\/em>Anche quando raccontiamo il male possiamo imparare a lasciare lo spazio alla redenzione, possiamo riconoscere in mezzo al male anche il dinamismo del bene e dargli spazio<em>\u00bb. \u201cI telai della<\/em> comunicazione\u201d &#8211; aggiunge il presule &#8211;<em>\u00a0siano intessuti per cucire insieme i fatti in modo rispettoso della dignit\u00e0 della persona umana.\u00a0Oggi \u2013 poich\u00e9 la comunicazione \u00e8 immediata, con la possibilit\u00e0 di arrivare in tutte le case, raggiungendo anche confini planetari \u2013 si impone una responsabilit\u00e0 maggiore nella divulgazione delle notizie che richiedono la compresenza di tre elementi: la Verit\u00e0, la Giustizia e la Carit\u00e0. Nessuna di queste tre componenti deve mancare se la notizia vuole essere classificata come buona. Le notizie false, superficiali e grossolane possono equivalere a una condanna senza diritto di replica.\u00a0San Francesco di Sales \u2013 che non cedette mai alla tentazione della polemica e della contrapposizione, ma cerc\u00f2 sempre la via del dialogo e della crescita \u2013 insegni a tutti a fare buon uso delle parole, affinch\u00e9 diventiamo costruttori e non distruttori del bene comune.\u00a0Il Santo patrono della comunicazione sociale sia l\u2019ispiratore del bene nella professione di tutti i Giornalisti. La Madonna delle Lacrime \u2013 che ha comunicato la pura verit\u00e0 dell\u02bcamore di Dio con il linguaggio del suo pianto \u2013 sostenga il loro servizio e protegga tutte le loro famiglie<\/em>&#8220;.<\/p>\n<p>[arcidiocesi.siracusa.it]<\/p>\n","protected":false},"excerpt":{"rendered":"","protected":false},"author":4,"featured_media":14065,"comment_status":"closed","ping_status":"closed","sticky":false,"template":"","format":"standard","meta":[],"categories":[30,26],"tags":[],"news-destination":[],"news-source":[],"is_homepage":[],"ta_other":[],"_links":{"self":[{"href":"https:\/\/www.chiesedisicilia.org\/chiesedisicilia\/news\/wp-json\/wp\/v2\/posts\/14064"}],"collection":[{"href":"https:\/\/www.chiesedisicilia.org\/chiesedisicilia\/news\/wp-json\/wp\/v2\/posts"}],"about":[{"href":"https:\/\/www.chiesedisicilia.org\/chiesedisicilia\/news\/wp-json\/wp\/v2\/types\/post"}],"author":[{"embeddable":true,"href":"https:\/\/www.chiesedisicilia.org\/chiesedisicilia\/news\/wp-json\/wp\/v2\/users\/4"}],"replies":[{"embeddable":true,"href":"https:\/\/www.chiesedisicilia.org\/chiesedisicilia\/news\/wp-json\/wp\/v2\/comments?post=14064"}],"version-history":[{"count":1,"href":"https:\/\/www.chiesedisicilia.org\/chiesedisicilia\/news\/wp-json\/wp\/v2\/posts\/14064\/revisions"}],"predecessor-version":[{"id":14066,"href":"https:\/\/www.chiesedisicilia.org\/chiesedisicilia\/news\/wp-json\/wp\/v2\/posts\/14064\/revisions\/14066"}],"wp:featuredmedia":[{"embeddable":true,"href":"https:\/\/www.chiesedisicilia.org\/chiesedisicilia\/news\/wp-json\/wp\/v2\/media\/14065"}],"wp:attachment":[{"href":"https:\/\/www.chiesedisicilia.org\/chiesedisicilia\/news\/wp-json\/wp\/v2\/media?parent=14064"}],"wp:term":[{"taxonomy":"category","embeddable":true,"href":"https:\/\/www.chiesedisicilia.org\/chiesedisicilia\/news\/wp-json\/wp\/v2\/categories?post=14064"},{"taxonomy":"post_tag","embeddable":true,"href":"https:\/\/www.chiesedisicilia.org\/chiesedisicilia\/news\/wp-json\/wp\/v2\/tags?post=14064"},{"taxonomy":"news-destination","embeddable":true,"href":"https:\/\/www.chiesedisicilia.org\/chiesedisicilia\/news\/wp-json\/wp\/v2\/news-destination?post=14064"},{"taxonomy":"news-source","embeddable":true,"href":"https:\/\/www.chiesedisicilia.org\/chiesedisicilia\/news\/wp-json\/wp\/v2\/news-source?post=14064"},{"taxonomy":"is_homepage","embeddable":true,"href":"https:\/\/www.chiesedisicilia.org\/chiesedisicilia\/news\/wp-json\/wp\/v2\/is_homepage?post=14064"},{"taxonomy":"ta_other","embeddable":true,"href":"https:\/\/www.chiesedisicilia.org\/chiesedisicilia\/news\/wp-json\/wp\/v2\/ta_other?post=14064"}],"curies":[{"name":"wp","href":"https:\/\/api.w.org\/{rel}","templated":true}]}}