{"id":1406,"date":"2017-02-23T13:59:00","date_gmt":"2017-02-23T12:59:00","guid":{"rendered":"http:\/\/wptestsite.tecnavia.com\/chiesedisicilia_clientsite\/news\/2017\/02\/23\/agrigento-curia-benedizione-dei-nuovi-locali\/"},"modified":"2018-11-09T10:55:25","modified_gmt":"2018-01-13T10:55:25","slug":"agrigento-curia-benedizione-dei-nuovi-locali","status":"publish","type":"post","link":"https:\/\/www.chiesedisicilia.org\/2017\/02\/23\/agrigento-curia-benedizione-dei-nuovi-locali\/","title":{"rendered":"AGRIGENTO. CURIA: BENEDIZIONE DEI NUOVI LOCALI"},"content":{"rendered":"<div><span style=\"font-size:12.0pt;font-family:\"Times New Roman\",\"serif\"\"><span style=\"font-size: medium;\"><span style=\"font-family: \"Times New Roman\";\">Riapre la Curia diocesana nei locali rinnovati del Collegio dei Ss. Agostino e Tommaso, attiguo al Seminario arcivescovile. La benedizione dei nuovi locali avr\u00e0 luogo venerd\u00ec 24 febbraio 2017, alle ore 12, vigilia della solennit\u00e0 di S. Gerlando,patrono dell\u2019Arcidiocesi.<\/span><\/span><o:p><\/o:p><\/span><\/div>\n<div><span style=\"font-size: medium;\"><span style=\"font-family: \"Times New Roman\";\">La Curia diocesana \u00e8 il complesso degli organismi e delle persone, ecclesiastiche e laiche, che prestano la loro opera al Vescovo in modo stabile nel governo dell\u2019intera Diocesi. La collaborazione si svolge soprattutto in quattro settori: pastorale, amministrativo, ministeriale e giudiziale.<\/span><\/span><span style=\"font-size:12.0pt;font-family:\"Times New Roman\",\"serif\"\"><o:p><\/o:p><\/span><\/div>\n<div><span style=\"font-size: medium;\"><span style=\"font-family: \"Times New Roman\";\">Secondo le nuove disposizioni del Codice di Diritto Canonico, la Curia non ha un funzione puramente burocratica o semplicemente amministrativa, ma eminentemente pastorale nel suo contenuto e nelle sue finalit\u00e0.<\/span><\/span><span style=\"font-size:12.0pt;font-family:\"Times New Roman\",\"serif\"\"><o:p><\/o:p><\/span><\/div>\n<div><span style=\"font-size: medium;\"><span style=\"font-family: \"Times New Roman\";\">Oltre alla struttura essenziale \u2013 costituita dal vicario generale, dai vicari episcopali di settore e dal cancelliere \u2013 la Curia agrigentina \u00e8 suddivisa in quattro Dipartimenti, che corrispondono ai quattro settori menzionati sopra e contano al loro interno Centri, Uffici e Servizi vari.<\/span><\/span><span style=\"font-size:12.0pt;font-family:\"Times New Roman\",\"serif\"\"><o:p><\/o:p><\/span><\/div>\n<div><span style=\"font-size: medium;\"><span style=\"font-family: \"Times New Roman\";\">I tre piani del Collegio dei Ss. Agostino e Tommaso che ospitano la Curia diocesana sono cos\u00ec ripartiti:<\/span><\/span><span style=\"font-size:12.0pt;font-family:\"Times New Roman\",\"serif\"\"><o:p><\/o:p><\/span><\/div>\n<div><span style=\"font-size: medium;\"><span style=\"font-family: \"Times New Roman\";\">Piano terra: Ufficio dell\u2019arcivescovo, URP (ufficio relazioni con il pubblico); Centro per la Missione e Ufficio per le Pontificie opere missionarie; Ufficio di Pastorale sociale e del lavoro, di Pastorale della Salute, Migrantes, Servizi per l\u2019Ecumenismo e il Dialogo interreligioso e per la Lettura del territorio; Archivi.<\/span><\/span><span style=\"font-size:12.0pt;font-family:\"Times New Roman\",\"serif\"\"><o:p><\/o:p><\/span><\/div>\n<div><span style=\"font-size: medium;\"><span style=\"font-family: \"Times New Roman\";\">Primo piano: Vicario generale; Cancelleria; Ufficio matrimoni; Vicario per la Pastorale; Centri per l\u2019Evangelizzazione e la Catechesi, per la Carit\u00e0 e per i Giovani; Tribunale Ecclesiastico con relativa Cancelleria.<\/span><\/span><span style=\"font-size:12.0pt;font-family:\"Times New Roman\",\"serif\"\"><o:p><\/o:p><\/span><\/div>\n<div><span style=\"font-size: medium;\"><span style=\"font-family: \"Times New Roman\";\">Secondo piano: Vicari per l\u2019Amministrazione e per la Ministerialit\u00e0; Economato e Ragioneria; Ufficio BB.CC.EE., Edilizia di culto e Ufficio tecnico; Istituto sostentamento clero; Servizio per i legati e le pie fondazioni.<\/span><\/span><span style=\"font-size:12.0pt;font-family:\"Times New Roman\",\"serif\"\"><o:p><\/o:p><\/span><\/div>\n<div><span style=\"font-size: medium;\"><span style=\"font-family: \"Times New Roman\";\">Gli orari di apertura degli uffici e i relativi contatti (telefono, fax, e-mail) sono indicati nel sito web dell\u2019<a href=\"http:\/\/www.diocesiag.it\">Arcidiocesi<\/a>. [01]<\/span><\/span><span style=\"font-size:12.0pt;font-family:\"Times New Roman\",\"serif\"\"><o:p><\/o:p><\/span><\/div>\n","protected":false},"excerpt":{"rendered":"","protected":false},"author":1,"featured_media":0,"comment_status":"open","ping_status":"open","sticky":false,"template":"","format":"standard","meta":[],"categories":[30],"tags":[],"news-destination":[],"news-source":[],"is_homepage":[],"ta_other":[],"_links":{"self":[{"href":"https:\/\/www.chiesedisicilia.org\/chiesedisicilia\/news\/wp-json\/wp\/v2\/posts\/1406"}],"collection":[{"href":"https:\/\/www.chiesedisicilia.org\/chiesedisicilia\/news\/wp-json\/wp\/v2\/posts"}],"about":[{"href":"https:\/\/www.chiesedisicilia.org\/chiesedisicilia\/news\/wp-json\/wp\/v2\/types\/post"}],"author":[{"embeddable":true,"href":"https:\/\/www.chiesedisicilia.org\/chiesedisicilia\/news\/wp-json\/wp\/v2\/users\/1"}],"replies":[{"embeddable":true,"href":"https:\/\/www.chiesedisicilia.org\/chiesedisicilia\/news\/wp-json\/wp\/v2\/comments?post=1406"}],"version-history":[{"count":1,"href":"https:\/\/www.chiesedisicilia.org\/chiesedisicilia\/news\/wp-json\/wp\/v2\/posts\/1406\/revisions"}],"predecessor-version":[{"id":19890,"href":"https:\/\/www.chiesedisicilia.org\/chiesedisicilia\/news\/wp-json\/wp\/v2\/posts\/1406\/revisions\/19890"}],"wp:attachment":[{"href":"https:\/\/www.chiesedisicilia.org\/chiesedisicilia\/news\/wp-json\/wp\/v2\/media?parent=1406"}],"wp:term":[{"taxonomy":"category","embeddable":true,"href":"https:\/\/www.chiesedisicilia.org\/chiesedisicilia\/news\/wp-json\/wp\/v2\/categories?post=1406"},{"taxonomy":"post_tag","embeddable":true,"href":"https:\/\/www.chiesedisicilia.org\/chiesedisicilia\/news\/wp-json\/wp\/v2\/tags?post=1406"},{"taxonomy":"news-destination","embeddable":true,"href":"https:\/\/www.chiesedisicilia.org\/chiesedisicilia\/news\/wp-json\/wp\/v2\/news-destination?post=1406"},{"taxonomy":"news-source","embeddable":true,"href":"https:\/\/www.chiesedisicilia.org\/chiesedisicilia\/news\/wp-json\/wp\/v2\/news-source?post=1406"},{"taxonomy":"is_homepage","embeddable":true,"href":"https:\/\/www.chiesedisicilia.org\/chiesedisicilia\/news\/wp-json\/wp\/v2\/is_homepage?post=1406"},{"taxonomy":"ta_other","embeddable":true,"href":"https:\/\/www.chiesedisicilia.org\/chiesedisicilia\/news\/wp-json\/wp\/v2\/ta_other?post=1406"}],"curies":[{"name":"wp","href":"https:\/\/api.w.org\/{rel}","templated":true}]}}