{"id":14044,"date":"2021-01-13T13:02:32","date_gmt":"2021-01-13T12:02:32","guid":{"rendered":"http:\/\/www.chiesedisicilia.org\/chiesedisicilia\/?p=14044"},"modified":"2021-01-13T13:03:54","modified_gmt":"2020-03-19T13:03:54","slug":"covid-19-disposizioni-da-seguire-nel-territorio","status":"publish","type":"post","link":"https:\/\/www.chiesedisicilia.org\/2021\/01\/13\/covid-19-disposizioni-da-seguire-nel-territorio\/","title":{"rendered":"COVID-19: DISPOSIZIONI DA SEGUIRE NEL TERRITORIO"},"content":{"rendered":"<p>monsignor Sebastiano Roberto Asta e del Collegio dei Consultori \u00abContiamo sul vostro prudente discernimento e sul coinvolgimento attivo delle comunit\u00e0 cristiane\u00bb<\/p>\n<p>L\u2019amministratore apostolico della Diocesi di Ragusa, mons. Sebastiano Roberto Asta, ha inviato una lettera a tutti i sacerdoti della Diocesi di Ragusa. La lettera, concordata con il Collegio dei Consultori, rappresenta e riassume tutte le norme da applicare e le disposizioni cui attenersi nel caso il territorio venga classificato dalle autorit\u00e0 civili come zona gialla, arancione o rossa.<\/p>\n<p>&#8220;<em>La situazione incerta legata alla pandemia e la crescita dei contagi avvenuta in questi giorni, ha spinto le autorit\u00e0 civili ad articolare<\/em> \u2013 scrive <strong>mons. Asta<\/strong> \u2013 <em>sulla base dei singoli giorni la suddivisione del territorio in zone gialle, arancioni e rosse. Considerata la necessit\u00e0 di mettere le comunit\u00e0 cristiane nella possibilit\u00e0 di avere un quadro di riferimento cui riferirsi in ognuna di queste situazioni, con il Collegio dei Consultori abbiamo ritenuto opportuno inviarvi questa lettera, nella quale troverete riassunte le disposizioni a cui attenervi. Vi ricordo che durante questo periodo non \u00e8 mai cessato il vigore del protocollo tra la Cei e il Governo italiano&#8221;<\/em>.<\/p>\n<p>Le disposizioni riguardano i territori dei Comuni della Diocesi dichiarati &#8211; gi\u00e0 adesso o anche successivamente &#8211; zona Gialla, Arancione o Rossa e hanno vigore per la durata del tempo di volta in volta determinato dall\u2019autorit\u00e0 civile. Disciplinano, in particolare, le sante messe, le attivit\u00e0 pastorali e caritative, la celebrazione dei sacramenti.<\/p>\n<p>Questo il dettaglio:<\/p>\n<p><strong>ZONA GIALLA<\/strong>: Le Messe vengano celebrate regolarmente, secondo le disposizioni vigenti; venga curata in particolare &#8211; tenuto conto della situazione &#8211; la ripresa della celebrazione delle Messe domenicali dei bambini; non avranno luogo processioni di alcun tipo, neanche informali e all&#8217;interno della chiesa; \u00e8 possibile celebrare i battesimi, le prime confessioni, le prime comunioni e i matrimoni; la catechesi e le altre attivit\u00e0 pastorali di gruppi, movimenti e associazioni, possono essere svolte in presenza oppure online, secondo la prudente valutazione della situazione; considerata la loro grande fragilit\u00e0, continua ad essere sospesa la visita a casa di anziani e malati &#8211; da parte dei presbiteri o dei ministri straordinari &#8211; per portare loro l\u2019Eucaristia, a meno che non si tratti di amministrare l\u2019unzione degli infermi in caso di necessit\u00e0; le chiese, come sempre, rimarranno aperte, insieme agli uffici parrocchiali: ricordo a tutti l\u2019importanza di accostarsi al sacra-mento della riconciliazione; i pastori, dal canto loro, facciano di tutto per assicurare &#8211; con tutta la sicurezza &#8211; che i fedeli vi possano accedere; L\u2019attivit\u00e0 caritativa prosegue, garantendo, al fine dell\u2019asporto, l\u2019accesso solo a una persona per volta e sempre con l\u2019utilizzo dei dispositivi di protezione individuale, anche per l\u2019attivit\u00e0 di consegna dei generi di prima necessit\u00e0 a domicilio.<\/p>\n<p><strong>ZONA ARANCIONE<\/strong>: le Messe vengano celebrate regolarmente, secondo le disposizioni vigenti; non avranno luogo processioni di alcun tipo, neanche informali e all\u2019interno della chiesa; \u00e8 possibile celebrare i battesimi, le prime confessioni, le prime comunioni e i matrimoni; la catechesi e le altre attivit\u00e0 pastorali di gruppi, movimenti e associazioni, possono essere svolte in presenza oppure online, secondo la prudente valutazione della situazione; considerata la loro grande fragilit\u00e0, continua ad essere sospesa la visita a casa di anziani e malati &#8211; da parte dei presbiteri o dei ministri straordinari &#8211; per portare loro l\u2019Eucaristia, a meno che non si tratti di amministrare l\u2019unzione degli infermi in caso di necessit\u00e0; in considerazione della necessit\u00e0 di non creare assembramenti e occasioni di incontro che potrebbero favorire la circolazione del virus, si evitino tutte le iniziative devozionali e ludico-ricreative ordinariamente organizzate dalle parrocchie; le chiese, come sempre, rimarranno aperte, insieme agli uffici parrocchiali: ricordo a tutti l\u2019importanza di accostarsi al sacramento della riconciliazione; i pastori, dal canto loro, facciano di tutto per assicurare &#8211; con tutta la sicurezza &#8211; che i fedeli vi possano accedere; L\u2019attivit\u00e0 caritativa prosegue, garantendo, al fine dell\u2019asporto, l\u2019accesso solo a una persona per volta e sempre con l\u2019utilizzo dei dispositivi di protezione individuale, anche per l\u2019attivit\u00e0 di consegna dei generi di prima necessit\u00e0 a domicilio.<\/p>\n<p><strong>ZONA ROSSA<\/strong>: le Sante Messe feriali e festive si potranno celebrare regolarmente, con un numero massimo di partecipanti corrispondente a quello attualmente determinato secondo le norme previste nel protocollo vigente tra Cei e Governo Italiano; fuori dagli orari delle celebrazioni, i luoghi di culto potranno rimanere aperti per la preghiera; la catechesi e le altre attivit\u00e0 pastorali parrocchiali, nonch\u00e9 le attivit\u00e0 di gruppi, associazioni, movimenti e oratori, sono sospese in presenza; laddove possibile proseguano nella modalit\u00e0 online; l\u2019attivit\u00e0 caritativa prosegue, garantendo, al fine dell\u2019asporto, l\u2019accesso solo a una persona per volta e sempre con l\u2019utilizzo dei dispositivi di protezione individuale, anche per l\u2019attivit\u00e0 di consegna dei generi di prima necessit\u00e0 a domicilio; sono sospese le celebrazioni comunitarie di Adorazione eucaristica; gli uffici delle parrocchie rimarranno aperti al pubblico; \u00e8 sospesa la celebrazione dei sacramenti (Battesimo, Prima Confessione, Prima Comunione, Matrimonio); \u00e8 sospesa la visita ai malati da parte dei ministri straordinari della comunione eucaristica; \u00e8 possibile la celebrazione individuale del sacramento della riconciliazione, osservando le disposizioni attualmente vigenti in materia di distanziamento, mascherina e aerazione del locale; \u00e8 consentito recarsi dai malati per l\u2019amministrazione dell&#8217;unzione degli infermi; le esequie vengono celebrate secondo la normativa vigente.<\/p>\n<p>&#8220;<em>Contiamo\u00a0sul vostro prudente discernimento e sul coinvolgimento attivo delle comunit\u00e0 cristiane: la stanchezza per il protrarsi della epidemia, infatti<\/em> \u2013 scrive l\u2019amministratore apostolico monsignor Asta \u2013<em>, deve trovarci pronti a fronteggiarla e neutralizzarla affinch\u00e9, con la collaborazione di tutti e l\u2019aiuto della Provvidenza, questo periodo cos\u00ec difficile possa giungere definitivamente e al pi\u00f9 presto alla sua conclusione<\/em>&#8220;.<\/p>\n","protected":false},"excerpt":{"rendered":"","protected":false},"author":4,"featured_media":14046,"comment_status":"closed","ping_status":"closed","sticky":false,"template":"","format":"standard","meta":[],"categories":[30],"tags":[],"news-destination":[],"news-source":[],"is_homepage":[],"ta_other":[],"_links":{"self":[{"href":"https:\/\/www.chiesedisicilia.org\/chiesedisicilia\/news\/wp-json\/wp\/v2\/posts\/14044"}],"collection":[{"href":"https:\/\/www.chiesedisicilia.org\/chiesedisicilia\/news\/wp-json\/wp\/v2\/posts"}],"about":[{"href":"https:\/\/www.chiesedisicilia.org\/chiesedisicilia\/news\/wp-json\/wp\/v2\/types\/post"}],"author":[{"embeddable":true,"href":"https:\/\/www.chiesedisicilia.org\/chiesedisicilia\/news\/wp-json\/wp\/v2\/users\/4"}],"replies":[{"embeddable":true,"href":"https:\/\/www.chiesedisicilia.org\/chiesedisicilia\/news\/wp-json\/wp\/v2\/comments?post=14044"}],"version-history":[{"count":1,"href":"https:\/\/www.chiesedisicilia.org\/chiesedisicilia\/news\/wp-json\/wp\/v2\/posts\/14044\/revisions"}],"predecessor-version":[{"id":14047,"href":"https:\/\/www.chiesedisicilia.org\/chiesedisicilia\/news\/wp-json\/wp\/v2\/posts\/14044\/revisions\/14047"}],"wp:featuredmedia":[{"embeddable":true,"href":"https:\/\/www.chiesedisicilia.org\/chiesedisicilia\/news\/wp-json\/wp\/v2\/media\/14046"}],"wp:attachment":[{"href":"https:\/\/www.chiesedisicilia.org\/chiesedisicilia\/news\/wp-json\/wp\/v2\/media?parent=14044"}],"wp:term":[{"taxonomy":"category","embeddable":true,"href":"https:\/\/www.chiesedisicilia.org\/chiesedisicilia\/news\/wp-json\/wp\/v2\/categories?post=14044"},{"taxonomy":"post_tag","embeddable":true,"href":"https:\/\/www.chiesedisicilia.org\/chiesedisicilia\/news\/wp-json\/wp\/v2\/tags?post=14044"},{"taxonomy":"news-destination","embeddable":true,"href":"https:\/\/www.chiesedisicilia.org\/chiesedisicilia\/news\/wp-json\/wp\/v2\/news-destination?post=14044"},{"taxonomy":"news-source","embeddable":true,"href":"https:\/\/www.chiesedisicilia.org\/chiesedisicilia\/news\/wp-json\/wp\/v2\/news-source?post=14044"},{"taxonomy":"is_homepage","embeddable":true,"href":"https:\/\/www.chiesedisicilia.org\/chiesedisicilia\/news\/wp-json\/wp\/v2\/is_homepage?post=14044"},{"taxonomy":"ta_other","embeddable":true,"href":"https:\/\/www.chiesedisicilia.org\/chiesedisicilia\/news\/wp-json\/wp\/v2\/ta_other?post=14044"}],"curies":[{"name":"wp","href":"https:\/\/api.w.org\/{rel}","templated":true}]}}