{"id":14002,"date":"2020-12-03T18:08:24","date_gmt":"2020-12-03T17:08:24","guid":{"rendered":"http:\/\/www.chiesedisicilia.org\/chiesedisicilia\/?p=14002"},"modified":"2020-12-03T18:13:40","modified_gmt":"2020-02-07T18:13:40","slug":"giornata-disabilita-incontro-e-inclusione-in-ogni-nostra-attivita","status":"publish","type":"post","link":"https:\/\/www.chiesedisicilia.org\/2020\/12\/03\/giornata-disabilita-incontro-e-inclusione-in-ogni-nostra-attivita\/","title":{"rendered":"GIORNATA DISABILIT\u00c0: &#8220;INCONTRO E INCLUSIONE IN OGNI NOSTRA ATTIVIT\u00c0&#8221;"},"content":{"rendered":"<p>&#8220;<em>Come comunit\u00e0 cristiana siamo chiamati a compiere gesti di amore e di umanit\u00e0 nei confronti dei nostri fratelli e sorelle con disabilit\u00e0 promuovendo la cultura dell\u2019incontro e dell\u2019inclusione in tutte le attivit\u00e0 programmate nella vita ecclesiale. Nessuno debba sentirsi escluso, tutti hanno il diritto di essere parte viva del cammino di una comunit\u00e0<\/em>\u201d. Lo scrive il <strong>vescovo di Patti, mons. Guglielmo Giombanco<\/strong>, nel suo messaggio per la Giornata mondiale delle persone con disabilit\u00e0, che si celebrer\u00e0 il prossimo 3 dicembre. Presentandola come \u201c<em>un evento che chiede a tutti noi di accrescere la sensibilit\u00e0 del cuore per riconoscere in ogni nostro fratello e sorella con disabilit\u00e0 la presenza di Cristo Signore, che desidera essere accolto e amato<\/em>\u201d, il presule evidenzia che \u201c<em>questa giornata aiuta a porre al centro la dignit\u00e0, l\u2019autonomia, la partecipazione e l\u2019inclusione sociale e la valorizzazione della disabilit\u00e0 come parte della diversit\u00e0 umana<\/em>\u201d.<br \/>\nDal vescovo la consapevolezza che \u201c<em>stiamo vivendo un tempo difficile a motivo della pandemia che ha messo a dura prova molte famiglie soprattutto quelle con persone disabili che hanno avvertito maggiormente il senso della solitudine e dell\u2019indifferenza<\/em>\u201d. Nel suo messaggio, mons. Giombanco ricorda, inoltre, che \u201c<em>il disabile, come tutti, \u00e8 capace di relazioni e prima di ricevere sa donare pi\u00f9 di quanto si possa immaginare<\/em>\u201d. Infine, l\u2019esortazione affinch\u00e9 tutte le comunit\u00e0 ecclesiali della diocesi stiano \u201c<em>vicino alle persone con disabilit\u00e0 e alle loro famiglie perch\u00e9 sentano la nostra vicinanza fraterna e possano partecipare alla vita ecclesiale con gioia<\/em>\u201d.<\/p>\n","protected":false},"excerpt":{"rendered":"","protected":false},"author":4,"featured_media":14003,"comment_status":"closed","ping_status":"closed","sticky":false,"template":"","format":"standard","meta":[],"categories":[30],"tags":[],"news-destination":[],"news-source":[],"is_homepage":[],"ta_other":[],"_links":{"self":[{"href":"https:\/\/www.chiesedisicilia.org\/chiesedisicilia\/news\/wp-json\/wp\/v2\/posts\/14002"}],"collection":[{"href":"https:\/\/www.chiesedisicilia.org\/chiesedisicilia\/news\/wp-json\/wp\/v2\/posts"}],"about":[{"href":"https:\/\/www.chiesedisicilia.org\/chiesedisicilia\/news\/wp-json\/wp\/v2\/types\/post"}],"author":[{"embeddable":true,"href":"https:\/\/www.chiesedisicilia.org\/chiesedisicilia\/news\/wp-json\/wp\/v2\/users\/4"}],"replies":[{"embeddable":true,"href":"https:\/\/www.chiesedisicilia.org\/chiesedisicilia\/news\/wp-json\/wp\/v2\/comments?post=14002"}],"version-history":[{"count":1,"href":"https:\/\/www.chiesedisicilia.org\/chiesedisicilia\/news\/wp-json\/wp\/v2\/posts\/14002\/revisions"}],"predecessor-version":[{"id":14004,"href":"https:\/\/www.chiesedisicilia.org\/chiesedisicilia\/news\/wp-json\/wp\/v2\/posts\/14002\/revisions\/14004"}],"wp:featuredmedia":[{"embeddable":true,"href":"https:\/\/www.chiesedisicilia.org\/chiesedisicilia\/news\/wp-json\/wp\/v2\/media\/14003"}],"wp:attachment":[{"href":"https:\/\/www.chiesedisicilia.org\/chiesedisicilia\/news\/wp-json\/wp\/v2\/media?parent=14002"}],"wp:term":[{"taxonomy":"category","embeddable":true,"href":"https:\/\/www.chiesedisicilia.org\/chiesedisicilia\/news\/wp-json\/wp\/v2\/categories?post=14002"},{"taxonomy":"post_tag","embeddable":true,"href":"https:\/\/www.chiesedisicilia.org\/chiesedisicilia\/news\/wp-json\/wp\/v2\/tags?post=14002"},{"taxonomy":"news-destination","embeddable":true,"href":"https:\/\/www.chiesedisicilia.org\/chiesedisicilia\/news\/wp-json\/wp\/v2\/news-destination?post=14002"},{"taxonomy":"news-source","embeddable":true,"href":"https:\/\/www.chiesedisicilia.org\/chiesedisicilia\/news\/wp-json\/wp\/v2\/news-source?post=14002"},{"taxonomy":"is_homepage","embeddable":true,"href":"https:\/\/www.chiesedisicilia.org\/chiesedisicilia\/news\/wp-json\/wp\/v2\/is_homepage?post=14002"},{"taxonomy":"ta_other","embeddable":true,"href":"https:\/\/www.chiesedisicilia.org\/chiesedisicilia\/news\/wp-json\/wp\/v2\/ta_other?post=14002"}],"curies":[{"name":"wp","href":"https:\/\/api.w.org\/{rel}","templated":true}]}}