{"id":13943,"date":"2020-11-15T09:15:04","date_gmt":"2020-11-15T08:15:04","guid":{"rendered":"http:\/\/www.chiesedisicilia.org\/chiesedisicilia\/?p=13943"},"modified":"2020-11-15T09:15:06","modified_gmt":"2020-01-20T09:15:06","slug":"giornata-poveri-preghiera-e-gesti-concreti","status":"publish","type":"post","link":"https:\/\/www.chiesedisicilia.org\/2020\/11\/15\/giornata-poveri-preghiera-e-gesti-concreti\/","title":{"rendered":"GIORNATA POVERI: PREGHIERA E GESTI CONCRETI"},"content":{"rendered":"<p>Domenica 15 novembre 2020, la Chiesa celebra la IV della Giornata Mondiale dei Poveri, voluta da Papa Francesco e avente per tema \u201cTendi la tua mano al povero\u201d (Sir 7,32). &#8220;<em>Anche per la nostra Arcidiocesi<\/em> &#8211; scrive in una nota la Curia messinese &#8211; <em>si tratta di una preziosa occasione per fissare lo sguardo sull\u2019essenziale della vita e sulle tante povert\u00e0, non soltanto materiali, di questo tempo contrassegnato dalla pandemia.\u00a0Il Papa, nel suo messaggio c\u2019invita: \u00abTenere lo sguardo rivolto al povero \u00e8 difficile, ma quanto mai necessario per imprimere alla nostra vita personale e sociale la giusta direzione. Non si tratta di spendere tante parole &#8211; <\/em>continua la Curia- \u00a0<em>ma piuttosto di impegnare concretamente la vita, mossi dalla carit\u00e0 divina<\/em>\u00bb&#8221;.<\/p>\n<p>L\u2019arcivescovo, mons. Giovanni Accolla, ha indirizzato un messaggio a tutta l\u2019Arcidiocesi di Messina-Lipari-Santa Lucia del Mela, esortando a &#8220;<em>mettere in programma la Giornata nelle Comunit\u00e0, valorizzando la preghiera e promuovendo gesti concreti che esprimano attenzione verso i pi\u00f9 bisognosi e accrescano, nei nostri fedeli, la prossimit\u00e0 e la solidariet\u00e0 verso gli ultimi<\/em>&#8220;.<\/p>\n<p>Anche la Caritas diocesana ha preparato un breve sussidio per le parrocchie e le comunit\u00e0 con l\u2019intento di stimolare ciascuno ad assumere la responsabilit\u00e0 di dare il proprio contributo, per alleviare la sorte di quanti vivono nel disagio. L\u2019equipe, che \u00e8 a disposizione per ogni richiesta di collaborazione, suggerisce alcune iniziative di carattere spirituale, culturale e formativo per maturare la solidariet\u00e0 e l\u2019amore.<\/p>\n","protected":false},"excerpt":{"rendered":"","protected":false},"author":4,"featured_media":8353,"comment_status":"closed","ping_status":"closed","sticky":false,"template":"","format":"standard","meta":[],"categories":[30],"tags":[],"news-destination":[],"news-source":[],"is_homepage":[],"ta_other":[],"_links":{"self":[{"href":"https:\/\/www.chiesedisicilia.org\/chiesedisicilia\/news\/wp-json\/wp\/v2\/posts\/13943"}],"collection":[{"href":"https:\/\/www.chiesedisicilia.org\/chiesedisicilia\/news\/wp-json\/wp\/v2\/posts"}],"about":[{"href":"https:\/\/www.chiesedisicilia.org\/chiesedisicilia\/news\/wp-json\/wp\/v2\/types\/post"}],"author":[{"embeddable":true,"href":"https:\/\/www.chiesedisicilia.org\/chiesedisicilia\/news\/wp-json\/wp\/v2\/users\/4"}],"replies":[{"embeddable":true,"href":"https:\/\/www.chiesedisicilia.org\/chiesedisicilia\/news\/wp-json\/wp\/v2\/comments?post=13943"}],"version-history":[{"count":1,"href":"https:\/\/www.chiesedisicilia.org\/chiesedisicilia\/news\/wp-json\/wp\/v2\/posts\/13943\/revisions"}],"predecessor-version":[{"id":13944,"href":"https:\/\/www.chiesedisicilia.org\/chiesedisicilia\/news\/wp-json\/wp\/v2\/posts\/13943\/revisions\/13944"}],"wp:featuredmedia":[{"embeddable":true,"href":"https:\/\/www.chiesedisicilia.org\/chiesedisicilia\/news\/wp-json\/wp\/v2\/media\/8353"}],"wp:attachment":[{"href":"https:\/\/www.chiesedisicilia.org\/chiesedisicilia\/news\/wp-json\/wp\/v2\/media?parent=13943"}],"wp:term":[{"taxonomy":"category","embeddable":true,"href":"https:\/\/www.chiesedisicilia.org\/chiesedisicilia\/news\/wp-json\/wp\/v2\/categories?post=13943"},{"taxonomy":"post_tag","embeddable":true,"href":"https:\/\/www.chiesedisicilia.org\/chiesedisicilia\/news\/wp-json\/wp\/v2\/tags?post=13943"},{"taxonomy":"news-destination","embeddable":true,"href":"https:\/\/www.chiesedisicilia.org\/chiesedisicilia\/news\/wp-json\/wp\/v2\/news-destination?post=13943"},{"taxonomy":"news-source","embeddable":true,"href":"https:\/\/www.chiesedisicilia.org\/chiesedisicilia\/news\/wp-json\/wp\/v2\/news-source?post=13943"},{"taxonomy":"is_homepage","embeddable":true,"href":"https:\/\/www.chiesedisicilia.org\/chiesedisicilia\/news\/wp-json\/wp\/v2\/is_homepage?post=13943"},{"taxonomy":"ta_other","embeddable":true,"href":"https:\/\/www.chiesedisicilia.org\/chiesedisicilia\/news\/wp-json\/wp\/v2\/ta_other?post=13943"}],"curies":[{"name":"wp","href":"https:\/\/api.w.org\/{rel}","templated":true}]}}