{"id":13871,"date":"2020-11-07T12:21:34","date_gmt":"2020-11-07T11:21:34","guid":{"rendered":"http:\/\/www.chiesedisicilia.org\/chiesedisicilia\/?p=13871"},"modified":"2020-11-09T12:29:11","modified_gmt":"2020-01-14T12:29:11","slug":"consapevole-prudenza-mons-cuttitta-dopo-la-notizia-della-positivita-al-covid-di-alcuni-sacerdoti","status":"publish","type":"post","link":"https:\/\/www.chiesedisicilia.org\/2020\/11\/07\/consapevole-prudenza-mons-cuttitta-dopo-la-notizia-della-positivita-al-covid-di-alcuni-sacerdoti\/","title":{"rendered":"&#8220;CONSAPEVOLE PRUDENZA&#8221;: MONS. CUTTITTA DOPO LA NOTIZIA DELLA POSITIVIT\u00c0 AL COVID DI ALCUNI SACERDOTI"},"content":{"rendered":"<p>Otto sacerdoti sono positivi al Covid-19 e altri quattro, che presentano qualche sintomo, si trovano in isolamento fiduciario in attesa dei risultati dei tamponi. In via precauzionale, per consentire la sanificazione dei locali parrocchiali, quattro chiese sono state per il momento chiuse. Si tratta di San Pio X e Nunziata di Ragusa, Sacro Cuore e Santa Marie delle Grazie di Comiso.<\/p>\n<p>Il <strong>vescovo di Ragusa, monsignor Carmelo Cuttitta<\/strong>, che sta seguendo con comprensibile preoccupazione l\u2019evolversi della situazione, ha scritto nel pomeriggio una lettera a tutti i sacerdoti, manifestando &#8220;<em>vicinanza in questo momento cos\u00ec difficile e impegnativo<\/em>&#8221; e raccomandando di ricordare nella preghiera &#8220;<em>tutti i confratelli che si trovano in una condizione di positivit\u00e0 al Covid-19<\/em>&#8221; e, soprattutto, &#8220;<em>coloro che attualmente sono ricoverati in terapia intensiva<\/em>&#8220;.<\/p>\n<p>Monsignor Cuttitta chiede ai sacerdoti di &#8220;<em>affrontare questa situazione contingente con determinazione e responsabilit\u00e0<\/em>&#8220;, considerata l\u2019attuale curva del contagio nel territorio della Diocesi e della Provincia di Ragusa. Nell\u2019ottica della &#8220;<em>consapevole prudenza&#8221;,<\/em>\u00a0sollecitata anche dalla Cei, per lo svolgimento delle attivit\u00e0 pastorali e di catechesi, il vescovo non esclude anche di poter ricorrere a &#8220;<em>scelte pi\u00f9 restrittive rispetto alle norme vigenti<\/em>&#8220;. A questo proposito, esorta tutti, almeno sino alla fine di novembre, a effettuare in modalit\u00e0 online la catechesi e le attivit\u00e0 pastorali; a sospendere le visite a casa di anziani e malati, considerata &#8220;<em>la loro grande fragilit\u00e0<\/em>&#8220;, anche da parte dei ministri straordinari della comunione eucaristica , a meno che non si tratti di amministrazione l\u2019Unzione degli infermi; a sospendere del tutto l\u2019attivit\u00e0 di culto della parrocchia, concordandola con l\u2019Ordinario diocesano, &#8220;<em>nel caso in cui la situazione dovesse renderlo necessario<\/em>&#8220;.<br \/>\n&#8220;<em>Queste indicazioni<\/em> \u2013 aggiunge monsignor Cuttitta \u2013 <em>vengono affidate al vostro prudente discernimento e alla vostra sensibilit\u00e0 di pastori che conoscete in modo peculiare e approfondito le singole realt\u00e0 in cui operate&#8221;.<\/em><\/p>\n","protected":false},"excerpt":{"rendered":"","protected":false},"author":4,"featured_media":13872,"comment_status":"closed","ping_status":"closed","sticky":false,"template":"","format":"standard","meta":[],"categories":[30],"tags":[],"news-destination":[],"news-source":[],"is_homepage":[],"ta_other":[],"_links":{"self":[{"href":"https:\/\/www.chiesedisicilia.org\/chiesedisicilia\/news\/wp-json\/wp\/v2\/posts\/13871"}],"collection":[{"href":"https:\/\/www.chiesedisicilia.org\/chiesedisicilia\/news\/wp-json\/wp\/v2\/posts"}],"about":[{"href":"https:\/\/www.chiesedisicilia.org\/chiesedisicilia\/news\/wp-json\/wp\/v2\/types\/post"}],"author":[{"embeddable":true,"href":"https:\/\/www.chiesedisicilia.org\/chiesedisicilia\/news\/wp-json\/wp\/v2\/users\/4"}],"replies":[{"embeddable":true,"href":"https:\/\/www.chiesedisicilia.org\/chiesedisicilia\/news\/wp-json\/wp\/v2\/comments?post=13871"}],"version-history":[{"count":1,"href":"https:\/\/www.chiesedisicilia.org\/chiesedisicilia\/news\/wp-json\/wp\/v2\/posts\/13871\/revisions"}],"predecessor-version":[{"id":13873,"href":"https:\/\/www.chiesedisicilia.org\/chiesedisicilia\/news\/wp-json\/wp\/v2\/posts\/13871\/revisions\/13873"}],"wp:featuredmedia":[{"embeddable":true,"href":"https:\/\/www.chiesedisicilia.org\/chiesedisicilia\/news\/wp-json\/wp\/v2\/media\/13872"}],"wp:attachment":[{"href":"https:\/\/www.chiesedisicilia.org\/chiesedisicilia\/news\/wp-json\/wp\/v2\/media?parent=13871"}],"wp:term":[{"taxonomy":"category","embeddable":true,"href":"https:\/\/www.chiesedisicilia.org\/chiesedisicilia\/news\/wp-json\/wp\/v2\/categories?post=13871"},{"taxonomy":"post_tag","embeddable":true,"href":"https:\/\/www.chiesedisicilia.org\/chiesedisicilia\/news\/wp-json\/wp\/v2\/tags?post=13871"},{"taxonomy":"news-destination","embeddable":true,"href":"https:\/\/www.chiesedisicilia.org\/chiesedisicilia\/news\/wp-json\/wp\/v2\/news-destination?post=13871"},{"taxonomy":"news-source","embeddable":true,"href":"https:\/\/www.chiesedisicilia.org\/chiesedisicilia\/news\/wp-json\/wp\/v2\/news-source?post=13871"},{"taxonomy":"is_homepage","embeddable":true,"href":"https:\/\/www.chiesedisicilia.org\/chiesedisicilia\/news\/wp-json\/wp\/v2\/is_homepage?post=13871"},{"taxonomy":"ta_other","embeddable":true,"href":"https:\/\/www.chiesedisicilia.org\/chiesedisicilia\/news\/wp-json\/wp\/v2\/ta_other?post=13871"}],"curies":[{"name":"wp","href":"https:\/\/api.w.org\/{rel}","templated":true}]}}