{"id":13840,"date":"2020-10-22T15:57:38","date_gmt":"2020-10-22T13:57:38","guid":{"rendered":"http:\/\/www.chiesedisicilia.org\/chiesedisicilia\/?p=13840"},"modified":"2020-10-22T15:58:03","modified_gmt":"2019-12-27T15:58:03","slug":"lagire-territoriale-le-buone-pratiche-e-le-visioni-future-webinar-sui-cammini-di-fede-in-sicilia","status":"publish","type":"post","link":"https:\/\/www.chiesedisicilia.org\/2020\/10\/22\/lagire-territoriale-le-buone-pratiche-e-le-visioni-future-webinar-sui-cammini-di-fede-in-sicilia\/","title":{"rendered":"&#8220;L&#8217;AGIRE TERRITORIALE, LE BUONE PRATICHE E LE VISIONI FUTURE&#8221;: WEBINAR SUI CAMMINI DI FEDE IN SICILIA"},"content":{"rendered":"<p>&#8220;<strong>L\u2019agire territoriale, le buone pratiche e le visioni future. Discussione di approfondimenti attorno al tema dei cammini di fede<\/strong>&#8221; \u00e8 il titolo del webinar proposto\u00a0nell\u2019ambito delle attivit\u00e0 del Master in Promozione turistica e management del patrimonio culturale e ambientale. \u00c8 organizzato dal Dipartimento di Scienze politiche e sociali dell&#8217;Universit\u00e0 degli Studi di Catania e dall&#8217;Ufficio regionale CESi per il Tempo libero, Turismo e Sport, insieme con\u00a0all\u2019Associazione Ricercatori Turismo (Art\u00f9).<\/p>\n<p>Venerd\u00ec 23 ottobre, alle ore 15,30 nell\u2019ambito delle attivit\u00e0 del Master in Promozione turistica e management del patrimonio culturale e ambientale si svolger\u00e0 un webinar sui cammini di fede organizzato insieme all\u2019Associazione Ricercatori Turismo \u2013 ARTU\u2019 e all\u2019Ufficio regionale della Pastorale del tempo libero, turismo e sport della CESi.<\/p>\n<p>Il webinar, che si svolger\u00e0 venerd\u00ec 23 ottobre a partire dalle ore 15,30, prende spunto dalla recente pubblicazione del volume \u201cIo cammino. Le mie parole sono passi\u201d, scritto dalla guida naturalistica Attilio Caldarera, coordinatore della Rete delle Vie Sacre di Sicilia. L\u2019incontro sar\u00e0 strutturato in finestre tematiche consecutive, con interventi dei partecipanti sui temi di ciascuna finestra: \u201cAttraversare i territori\u201d, \u201cCammini ed idee d\u2019impresa\u201d, \u201cL\u2019etica del cammino\u201d. A conclusione \u00e8 previsto un dibattito, naturalmente in modalit\u00e0 telematica.<\/p>\n<p>Oltre all\u2019autore,\u00a0<strong>Attilio Caldarera<\/strong>, al webinar interverranno\u00a0<strong>don Roberto Fucile<\/strong>, direttore dell\u2019Ufficio regionale il Tempo libero, Turismo e Sport della CESi, <strong>mons. Antonino Raspanti<\/strong>, vescovo delegato per il settore e\u00a0<strong>don Gionatan De Marco<\/strong>, direttore dell\u2019Ufficio nazionale per la Pastorale del tempo libero, turismo e sport della CEI;\u00a0<strong>Toti Piscopo<\/strong>, direttore editoriale di Travelnostop.com;\u00a0<strong>Silvia Pellegrini<\/strong>, dirigente della Sezione Valorizzazione del Territorio della Regione Puglia;\u00a0<strong>Maurizio Giannone<\/strong>, geografo e consigliere di ARTU\u2019;\u00a0<strong>Monica Stella de Alencar<\/strong>, consulente sviluppo prodotti turistici, Minas Gerais, Brasile;\u00a0<strong>Alessandro Sottili<\/strong>\u00a0di Confcooperative Cultura Turismo Sport Toscana;\u00a0<strong>Sandro Billi<\/strong>, Side Note, consigliere di ARTU\u2019;\u00a0della CESi per la Pastorale del tempo libero, turismo e sport;\u00a0<strong>Maurizio Davolio<\/strong>, presidente dell\u2019Associazione Italiana Turismo Responsabile \u2013 AITR;\u00a0<strong>Girolamo Cusimano<\/strong>, docente dell\u2019Universit\u00e0 di Palermo e presidente di ARTU\u2019. Introduce e coordina\u00a0<strong>Vincenzo Asero<\/strong>, docente del Master.<\/p>\n<p>Per don Roberto Fucile, direttore dell&#8217;Ufficio Turismo della CESi, &#8220;<em>il webinar \u00e8 una straordinaria occasione per poter continuare quello che \u00e8 un itinerario ma anche una scelta avviata dall&#8217;Ufficio regionale per il Turismo per conoscere e approfondire i cammini di fede in Sicilia. La preparazione di chi<\/em> interverr\u00e0 &#8211; continua &#8211;<em>,<\/em><em>\u00a0portando le proprie competenze ma anche la sua esperienza sul campo, permetter\u00e0 ai partecipanti di avere uno sguardo d\u2019insieme e, allo stesso tempo, comprendere il vero senso di questa realt\u00e0 che, via via, si va\u00a0sviluppando<\/em>&#8220;.<\/p>\n","protected":false},"excerpt":{"rendered":"","protected":false},"author":4,"featured_media":13842,"comment_status":"closed","ping_status":"closed","sticky":false,"template":"","format":"standard","meta":[],"categories":[7],"tags":[],"news-destination":[],"news-source":[],"is_homepage":[],"ta_other":[],"_links":{"self":[{"href":"https:\/\/www.chiesedisicilia.org\/chiesedisicilia\/news\/wp-json\/wp\/v2\/posts\/13840"}],"collection":[{"href":"https:\/\/www.chiesedisicilia.org\/chiesedisicilia\/news\/wp-json\/wp\/v2\/posts"}],"about":[{"href":"https:\/\/www.chiesedisicilia.org\/chiesedisicilia\/news\/wp-json\/wp\/v2\/types\/post"}],"author":[{"embeddable":true,"href":"https:\/\/www.chiesedisicilia.org\/chiesedisicilia\/news\/wp-json\/wp\/v2\/users\/4"}],"replies":[{"embeddable":true,"href":"https:\/\/www.chiesedisicilia.org\/chiesedisicilia\/news\/wp-json\/wp\/v2\/comments?post=13840"}],"version-history":[{"count":3,"href":"https:\/\/www.chiesedisicilia.org\/chiesedisicilia\/news\/wp-json\/wp\/v2\/posts\/13840\/revisions"}],"predecessor-version":[{"id":13844,"href":"https:\/\/www.chiesedisicilia.org\/chiesedisicilia\/news\/wp-json\/wp\/v2\/posts\/13840\/revisions\/13844"}],"wp:featuredmedia":[{"embeddable":true,"href":"https:\/\/www.chiesedisicilia.org\/chiesedisicilia\/news\/wp-json\/wp\/v2\/media\/13842"}],"wp:attachment":[{"href":"https:\/\/www.chiesedisicilia.org\/chiesedisicilia\/news\/wp-json\/wp\/v2\/media?parent=13840"}],"wp:term":[{"taxonomy":"category","embeddable":true,"href":"https:\/\/www.chiesedisicilia.org\/chiesedisicilia\/news\/wp-json\/wp\/v2\/categories?post=13840"},{"taxonomy":"post_tag","embeddable":true,"href":"https:\/\/www.chiesedisicilia.org\/chiesedisicilia\/news\/wp-json\/wp\/v2\/tags?post=13840"},{"taxonomy":"news-destination","embeddable":true,"href":"https:\/\/www.chiesedisicilia.org\/chiesedisicilia\/news\/wp-json\/wp\/v2\/news-destination?post=13840"},{"taxonomy":"news-source","embeddable":true,"href":"https:\/\/www.chiesedisicilia.org\/chiesedisicilia\/news\/wp-json\/wp\/v2\/news-source?post=13840"},{"taxonomy":"is_homepage","embeddable":true,"href":"https:\/\/www.chiesedisicilia.org\/chiesedisicilia\/news\/wp-json\/wp\/v2\/is_homepage?post=13840"},{"taxonomy":"ta_other","embeddable":true,"href":"https:\/\/www.chiesedisicilia.org\/chiesedisicilia\/news\/wp-json\/wp\/v2\/ta_other?post=13840"}],"curies":[{"name":"wp","href":"https:\/\/api.w.org\/{rel}","templated":true}]}}