{"id":1382,"date":"2016-03-03T17:43:00","date_gmt":"2016-03-03T16:43:00","guid":{"rendered":"http:\/\/wptestsite.tecnavia.com\/chiesedisicilia_clientsite\/news\/2016\/03\/03\/agrigento-giubileo-diocesano-al-palamoncada-di-porto-empedocle\/"},"modified":"2018-11-09T10:55:24","modified_gmt":"2018-01-13T10:55:24","slug":"agrigento-giubileo-diocesano-al-palamoncada-di-porto-empedocle","status":"publish","type":"post","link":"https:\/\/www.chiesedisicilia.org\/2016\/03\/03\/agrigento-giubileo-diocesano-al-palamoncada-di-porto-empedocle\/","title":{"rendered":"AGRIGENTO. GIUBILEO DIOCESANO AL PALAMONCADA DI PORTO EMPEDOCLE"},"content":{"rendered":"<div><span style=\"font-size: medium;\"><span style=\"font-family: 'Times New Roman';\">Agrigento celebrer\u00e0 sabato 5 marzo 2016 la Giornata giubilare diocesana. \u00a0La Chiesa agrigentina si riunir\u00e0 per il primo di due eventi giubilari diocesani, che si terr\u00e0 al PalaMoncada di Porto Empedocle nel pomeriggio di sabato, a partire dalle ore 15.30.<\/span><\/span><span style=\"font-size:12.0pt;\nfont-family:\"Times New Roman\",\"serif\"\"><o:p><\/o:p><\/span><\/div>\n<div><span style=\"font-size: medium;\"><span style=\"font-family: 'Times New Roman';\">Nella Lettera pastorale il card. Francesco Montenegro, arcivescovo di Agrigento, definisce il Giubileo\u00a0&#8220;una marcia in pi\u00f9 nel cammino iniziato in questi anni&#8221;. Non \u00e8 dunque un evento \u201caltro\u201d rispetto alla vita della Chiesa, nonostante la sua straordinariet\u00e0, ma rientra in quei segni dei tempi che Papa Francesco ha saputo intuire e sta invitando la Chiesa intera a leggere. &#8220;Oltre a essere un\u2019occasione per trovare misericordia \u2013 continua don Franco \u2013 \u00e8\u00a0possibilit\u00e0 per esercitarci a essere misericordiosi, capaci cio\u00e8 di recuperare uno sguardo sincero con cui guardare il mondo e gli uomini e le donne che lo abitano\u00bb. In quanto tale non si pu\u00f2 ridurre ad alcune pratiche per ottenere l\u2019indulgenza, ma richiede una serie di\u00a0esercizi per apprendere l\u2019arte della misericordia&#8221;.<\/span><\/span><span style=\"font-size:12.0pt;font-family:\"Times New Roman\",\"serif\";\nmso-fareast-font-family:\"Times New Roman\"\"><o:p><\/o:p><\/span><\/div>\n<div><span style=\"font-size: medium;\"><span style=\"font-family: 'Times New Roman';\">A spiegare significato e svolgimento della giornata \u00e8 il vicario per la Pastorale, don Giuseppe Agr\u00f2. \u00a0&#8220;<i>In questo primo evento, in particolare, ci chiederemo cosa significa essere misericordiosi diventando\u00abcomunit\u00e0 dal volto nuovo per una nuova presenza nel territorio\u00bb, a partire dalla riflessione avviata nei primi due moduli del PFU: come abitare in modo nuovo il nostro territorio, rinnovandoci secondo lo stile dell\u2019iniziazione cristiana e superando la tentazione dell\u2019autoreferenzialit\u00e0, dell\u2019autocompiacimento e dell\u2019autoconservazione?<\/i><\/span><\/span><span style=\"font-size:12.0pt;font-family:\"Times New Roman\",\"serif\";\nmso-fareast-font-family:\"Times New Roman\"\"><i><o:p><\/o:p><\/i><\/span><\/div>\n<div><span style=\"font-size: medium;\"><span style=\"font-family: 'Times New Roman';\"><i>L\u2019evento giubilare del 5 marzo ci servir\u00e0 cos\u00ec per un momento di riflessione comunitaria e per un momento propriamente celebrativo.<\/i><\/span><\/span><i><span style=\"font-size:12.0pt;font-family:\"Times New Roman\",\"serif\";mso-fareast-font-family:\n\"Times New Roman\"\"><o:p><\/o:p><\/span><\/i><\/div>\n<div><span style=\"font-size: medium;\"><span style=\"font-family: 'Times New Roman';\"><i>Nel primo momento \u2013\u00a0\u201cRinnoviamo l\u2019alleanza\u201d\u00a0\u2013 ci soffermeremo a riflettere su alcune questioni che dovranno segnare il percorso pastorale dei prossimi anni. Come nella solenne \u201crinnovazione dell\u2019alleanza a Sichem\u201d (cf. Gs 24), in cui le trib\u00f9 di Israele, radunate da Giosu\u00e8, hanno ripensato l\u2019alleanza in riferimento alla terra e rinnovato gli impegni a servizio di Dio e del popolo, anche noi torneremo a interrogarci sul nostro rapporto con il territorio alla luce della Parola di Dio.<\/i><\/span><\/span><i><span style=\"font-size:12.0pt;font-family:\"Times New Roman\",\"serif\";mso-fareast-font-family:\n\"Times New Roman\"\"><o:p><\/o:p><\/span><\/i><\/div>\n<div><span style=\"font-size: medium;\"><span style=\"font-family: 'Times New Roman';\"><i>Questo primo momento sar\u00e0 articolato in cinque tappe.<\/i><\/span><\/span><i><span style=\"font-size:12.0pt;font-family:\"Times New Roman\",\"serif\";mso-fareast-font-family:\n\"Times New Roman\"\"><o:p><\/o:p><\/span><\/i><\/div>\n<div><span style=\"font-size: medium;\"><span style=\"font-family: 'Times New Roman';\"><i>La\u00a0composizione dell\u2019assemblea\u00a0ci aiuter\u00e0 a prendere coscienza del nostro essere convocati attorno al nostro Vescovo per formare l\u2019unica Chiesa che vive in Agrigento e sar\u00e0 gi\u00e0 cos\u00ec espressione ed esercizio di ecclesialit\u00e0.<\/i><\/span><\/span><i><span style=\"font-size:12.0pt;font-family:\"Times New Roman\",\"serif\";mso-fareast-font-family:\n\"Times New Roman\"\"><o:p><\/o:p><\/span><\/i><\/div>\n<div><span style=\"font-size: medium;\"><span style=\"font-family: 'Times New Roman';\"><i>La\u00a0composizione del luogo\u00a0ci ricorder\u00e0 che ogni luogo pu\u00f2 diventare spazio sacro a condizione di sapervi scorgere la presenza di Dio che si manifesta nei segni della fede.<\/i><\/span><\/span><i><span style=\"font-size:12.0pt;font-family:\"Times New Roman\",\"serif\";mso-fareast-font-family:\n\"Times New Roman\"\"><o:p><\/o:p><\/span><\/i><\/div>\n<div><span style=\"font-size: medium;\"><span style=\"font-family: 'Times New Roman';\"><i>Quindi riserveremo un\u2019attenzione speciale all\u2019accoglienza della Parola\u00a0per ricentrare in essa ogni riferimento della fede e della vita.<\/i><\/span><\/span><i><span style=\"font-size:12.0pt;font-family:\"Times New Roman\",\"serif\";mso-fareast-font-family:\n\"Times New Roman\"\"><o:p><\/o:p><\/span><\/i><\/div>\n<div><span style=\"font-size: medium;\"><span style=\"font-family: 'Times New Roman';\"><i>Su questo sfondo apriremo una\u00a0riflessione dialogica, durante la quale leggeremo noi stessi e presenteremo al nostro Pastore criticit\u00e0, limiti e punti deboli emersi nei laboratori del PFU, come in una sorta di esame di coscienza comunitario; a questa lettura e alle domande che ne verranno fuori don Franco risponder\u00e0 aiutandoci ad attuare l\u2019insegnamento biblico e teologico sulla misericordia e dandoci indicazioni e suggerimenti.<\/i><\/span><\/span><i><span style=\"font-size:12.0pt;font-family:\"Times New Roman\",\"serif\";mso-fareast-font-family:\n\"Times New Roman\"\"><o:p><\/o:p><\/span><\/i><\/div>\n<div><span style=\"font-size: medium;\"><span style=\"font-family: 'Times New Roman';\"><i>Infine faremo la\u00a0rinnovazione dell\u2019alleanza, con la professione di fede battesimale e gli impegni per proseguire il cammino intrapreso.<\/i><\/span><\/span><i><span style=\"font-size:12.0pt;font-family:\"Times New Roman\",\"serif\";mso-fareast-font-family:\n\"Times New Roman\"\"><o:p><\/o:p><\/span><\/i><\/div>\n<div><span style=\"font-size: medium;\"><span style=\"font-family: 'Times New Roman';\"><i>La S. Messa costituir\u00e0 la seconda parte \u2013\u00a0\u201cCelebriamo la misericordia\u201d\u00a0\u2013 della nostra adunanza, che si concluder\u00e0 con la preghiera per ottenere il dono dell\u2019indulgenza giubilare&#8221;<\/i>. [01]<\/span><\/span><span style=\"font-size:12.0pt;\nfont-family:\"Times New Roman\",\"serif\";mso-fareast-font-family:\"Times New Roman\"\"><o:p><\/o:p><\/span><\/div>\n","protected":false},"excerpt":{"rendered":"","protected":false},"author":1,"featured_media":0,"comment_status":"open","ping_status":"open","sticky":false,"template":"","format":"standard","meta":[],"categories":[30],"tags":[],"news-destination":[],"news-source":[],"is_homepage":[],"ta_other":[],"_links":{"self":[{"href":"https:\/\/www.chiesedisicilia.org\/chiesedisicilia\/news\/wp-json\/wp\/v2\/posts\/1382"}],"collection":[{"href":"https:\/\/www.chiesedisicilia.org\/chiesedisicilia\/news\/wp-json\/wp\/v2\/posts"}],"about":[{"href":"https:\/\/www.chiesedisicilia.org\/chiesedisicilia\/news\/wp-json\/wp\/v2\/types\/post"}],"author":[{"embeddable":true,"href":"https:\/\/www.chiesedisicilia.org\/chiesedisicilia\/news\/wp-json\/wp\/v2\/users\/1"}],"replies":[{"embeddable":true,"href":"https:\/\/www.chiesedisicilia.org\/chiesedisicilia\/news\/wp-json\/wp\/v2\/comments?post=1382"}],"version-history":[{"count":1,"href":"https:\/\/www.chiesedisicilia.org\/chiesedisicilia\/news\/wp-json\/wp\/v2\/posts\/1382\/revisions"}],"predecessor-version":[{"id":19866,"href":"https:\/\/www.chiesedisicilia.org\/chiesedisicilia\/news\/wp-json\/wp\/v2\/posts\/1382\/revisions\/19866"}],"wp:attachment":[{"href":"https:\/\/www.chiesedisicilia.org\/chiesedisicilia\/news\/wp-json\/wp\/v2\/media?parent=1382"}],"wp:term":[{"taxonomy":"category","embeddable":true,"href":"https:\/\/www.chiesedisicilia.org\/chiesedisicilia\/news\/wp-json\/wp\/v2\/categories?post=1382"},{"taxonomy":"post_tag","embeddable":true,"href":"https:\/\/www.chiesedisicilia.org\/chiesedisicilia\/news\/wp-json\/wp\/v2\/tags?post=1382"},{"taxonomy":"news-destination","embeddable":true,"href":"https:\/\/www.chiesedisicilia.org\/chiesedisicilia\/news\/wp-json\/wp\/v2\/news-destination?post=1382"},{"taxonomy":"news-source","embeddable":true,"href":"https:\/\/www.chiesedisicilia.org\/chiesedisicilia\/news\/wp-json\/wp\/v2\/news-source?post=1382"},{"taxonomy":"is_homepage","embeddable":true,"href":"https:\/\/www.chiesedisicilia.org\/chiesedisicilia\/news\/wp-json\/wp\/v2\/is_homepage?post=1382"},{"taxonomy":"ta_other","embeddable":true,"href":"https:\/\/www.chiesedisicilia.org\/chiesedisicilia\/news\/wp-json\/wp\/v2\/ta_other?post=1382"}],"curies":[{"name":"wp","href":"https:\/\/api.w.org\/{rel}","templated":true}]}}