{"id":1356,"date":"2015-07-02T10:00:00","date_gmt":"2015-07-02T08:00:00","guid":{"rendered":"http:\/\/wptestsite.tecnavia.com\/chiesedisicilia_clientsite\/news\/2015\/07\/02\/agrigento-caritas-raccolti-in-diocesi-20mila-euro-per-il-nepal\/"},"modified":"2018-11-09T10:55:24","modified_gmt":"2018-01-13T10:55:24","slug":"agrigento-caritas-raccolti-in-diocesi-20mila-euro-per-il-nepal","status":"publish","type":"post","link":"https:\/\/www.chiesedisicilia.org\/2015\/07\/02\/agrigento-caritas-raccolti-in-diocesi-20mila-euro-per-il-nepal\/","title":{"rendered":"AGRIGENTO. CARITAS: RACCOLTI IN DIOCESI 20MILA EURO PER IL NEPAL"},"content":{"rendered":"<div><span style=\"font-size:12.0pt;font-family:\"Times New Roman\",\"serif\"\"><span style=\"font-size: medium;\"><span style=\"font-family: 'Times New Roman';\">L\u2019Arcidiocesi di Agrigento per tramite della Caritas diocesana ha partecipato alla colletta organizzata in seguito al terremoto in Nepal e sono stati raccolti dalle parrocchie della diocesi che hanno risposto all\u2019appello \u20ac 17.084,29 a cui \u00e8 stata aggiunta un\u2019integrazione della Caritas diocesana per arrivare alla somma complessiva di \u20ac 20.000,00 <\/span><\/span><o:p><\/o:p><\/span><\/div>\n<div><span style=\"font-size: medium;\"><span style=\"font-family: 'Times New Roman';\">Dopo due mesi sono ormai pressoch\u00e9 definitive le terribili cifre del terremoto\u00a0di magnitudo 7,9 che il 25 aprile 2015 ha devastato il Nepal\u00a0ed ha colpito i paesi limitrofi: 8.700 morti, oltre 20.000 feriti, 8 milioni le persone colpite in 39 distretti, oltre 2.8 milioni le persone che richiedono assistenza umanitaria di cui 864.000 nelle aree pi\u00f9 difficili da raggiungere, 500.000 le case crollate e 285.000 quelle danneggiate, 36.000 le classi scolastiche crollate o gravemente danneggiate.<\/span><\/span><span style=\"font-size:12.0pt;font-family:\"Times New Roman\",\"serif\"\"><o:p><\/o:p><\/span><\/div>\n<div><span style=\"font-size: medium;\"><span style=\"font-family: 'Times New Roman';\">Il ricovero rimane il bisogno essenziale e prioritario e l\u2019arrivo dei monsoni rende ancor pi\u00f9 urgente la necessit\u00e0 di ripari d\u2019urgenza adeguati.<\/span><\/span><span style=\"font-size:12.0pt;font-family:\"Times New Roman\",\"serif\"\"><o:p><\/o:p><\/span><\/div>\n<div><span style=\"font-size: medium;\"><span style=\"font-family: 'Times New Roman';\">Grazie al sostegno della rete internazionale, la Caritas Nepal,\u00a0impegnata sin da subito nel soccorso e nell\u2019assistenza alla popolazione, ha raggiunto sino ad ora oltre\u00a0196.000 persone\u00a0con interventi per oltre 10 milioni di euro in tutti i 14 distretti pi\u00f9 colpiti. <\/span><\/span><span style=\"font-size:12.0pt;font-family:\"Times New Roman\",\"serif\"\"><o:p><\/o:p><\/span><\/div>\n<div><span style=\"font-size: medium;\"><span style=\"font-family: 'Times New Roman';\">Caritas \u00e8 stata la prima organizzazione a distribuire materiali per ricoveri d&#8217;urgenza a 284 famiglie nella regione Nord del distretto di Gorkha, superando difficolt\u00e0 logistiche notevoli per raggiungere una tra le popolazioni pi\u00f9 isolate al mondo.\u00a0\u00a0<\/span><\/span><span style=\"font-size:12.0pt;font-family:\"Times New Roman\",\"serif\"\"><o:p><\/o:p><\/span><\/div>\n<div><span style=\"font-size: medium;\"><span style=\"font-family: 'Times New Roman';\">\u00a0A causa della straordinaria gravit\u00e0 di questo sisma, dopo lo\u00a0stanziamento di tre milioni di euro dai fondi dell\u2019otto per mille\u00a0disposto dalla Presidenza della Conferenza Episcopale Italiana subito dopo il sisma, la stessa CEI a nome dei vescovi italiani, ha indetto una\u00a0colletta nazionale, che si \u00e8 svolta in tutte le chiese italiane domenica 17 maggio 2015, come segno della concreta solidariet\u00e0 di tutti i credenti.\u00a0<\/span><\/span><span style=\"font-size:12.0pt;font-family:\"Times New Roman\",\"serif\"\"><o:p><\/o:p><\/span><\/div>\n<div><span style=\"font-size: medium;\"><span style=\"font-family: 'Times New Roman';\">La colletta era volta a sostenere i seguenti interventi:<\/span><\/span><span style=\"font-size:12.0pt;font-family:\"Times New Roman\",\"serif\"\"><o:p><\/o:p><\/span><\/div>\n<div><span style=\"font-size: medium;\"><span style=\"font-family: 'Times New Roman';\">&#8211; con <strong><span style=\"font-weight: normal;\">25 euro si forniranno alimenti essiccati per una famiglia per un mese<\/span><\/strong><\/span><\/span><span style=\"font-size:12.0pt;font-family:\"Times New Roman\",\"serif\"\"><o:p><\/o:p><\/span><\/div>\n<div><span style=\"font-size: medium;\"><span style=\"font-family: 'Times New Roman';\"><strong><span style=\"font-weight: normal;\">&#8211; con 10 euro si assicureranno: <\/span><\/strong>acqua per una famiglia per una settimana; una tenda per ospitare 3 famiglie; 30 kg di riso sufficienti per una famiglia per un mese.<\/span><\/span><span style=\"font-size:12.0pt;font-family:\"Times New Roman\",\"serif\"\"><o:p><\/o:p><\/span><\/div>\n<div><span style=\"font-size: medium;\"><span style=\"font-family: 'Times New Roman';\">Le donazioni raccolte saranno inviate interamente a Caritas Italiana che coordina gli interventi della Chiesa Cattolica dall\u2019Italia.<\/span><\/span><span style=\"font-size:12.0pt;font-family:\"Times New Roman\",\"serif\"\"><o:p><\/o:p><\/span><\/div>\n<div><span style=\"font-size: medium;\"><span style=\"font-family: 'Times New Roman';\">Caritas Italiana, infatti,\u00a0con queste donazioni potr\u00e0 intensificare il suo impegno sostenendo ulteriori progetti per la fornitura di ricoveri temporanei, materiali di prima necessit\u00e0, sementi e materiali per la riattivazione delle coltivazioni nonch\u00e9 interventi per la ripresa delle attivit\u00e0 scolastiche. <\/span><\/span><span style=\"font-size:12.0pt;font-family:\"Times New Roman\",\"serif\"\"><o:p><\/o:p><\/span><\/div>\n<div><span style=\"font-size: medium;\"><span style=\"font-family: 'Times New Roman';\">Nel frattempo prosegue la predisposizione di interventi pi\u00f9 ampi da avviarsi nei prossimi mesi per la riattivazione socio-economica, \u00a0la ricostruzione di case, scuole, strutture sanitarie, strutture socio-educative, il sostegno psicologico. [01]<\/span><\/span><span style=\"font-size:12.0pt;font-family:\"Times New Roman\",\"serif\"\"><o:p><\/o:p><\/span><\/div>\n","protected":false},"excerpt":{"rendered":"","protected":false},"author":1,"featured_media":0,"comment_status":"open","ping_status":"open","sticky":false,"template":"","format":"standard","meta":[],"categories":[30],"tags":[],"news-destination":[],"news-source":[],"is_homepage":[],"ta_other":[],"_links":{"self":[{"href":"https:\/\/www.chiesedisicilia.org\/chiesedisicilia\/news\/wp-json\/wp\/v2\/posts\/1356"}],"collection":[{"href":"https:\/\/www.chiesedisicilia.org\/chiesedisicilia\/news\/wp-json\/wp\/v2\/posts"}],"about":[{"href":"https:\/\/www.chiesedisicilia.org\/chiesedisicilia\/news\/wp-json\/wp\/v2\/types\/post"}],"author":[{"embeddable":true,"href":"https:\/\/www.chiesedisicilia.org\/chiesedisicilia\/news\/wp-json\/wp\/v2\/users\/1"}],"replies":[{"embeddable":true,"href":"https:\/\/www.chiesedisicilia.org\/chiesedisicilia\/news\/wp-json\/wp\/v2\/comments?post=1356"}],"version-history":[{"count":1,"href":"https:\/\/www.chiesedisicilia.org\/chiesedisicilia\/news\/wp-json\/wp\/v2\/posts\/1356\/revisions"}],"predecessor-version":[{"id":19839,"href":"https:\/\/www.chiesedisicilia.org\/chiesedisicilia\/news\/wp-json\/wp\/v2\/posts\/1356\/revisions\/19839"}],"wp:attachment":[{"href":"https:\/\/www.chiesedisicilia.org\/chiesedisicilia\/news\/wp-json\/wp\/v2\/media?parent=1356"}],"wp:term":[{"taxonomy":"category","embeddable":true,"href":"https:\/\/www.chiesedisicilia.org\/chiesedisicilia\/news\/wp-json\/wp\/v2\/categories?post=1356"},{"taxonomy":"post_tag","embeddable":true,"href":"https:\/\/www.chiesedisicilia.org\/chiesedisicilia\/news\/wp-json\/wp\/v2\/tags?post=1356"},{"taxonomy":"news-destination","embeddable":true,"href":"https:\/\/www.chiesedisicilia.org\/chiesedisicilia\/news\/wp-json\/wp\/v2\/news-destination?post=1356"},{"taxonomy":"news-source","embeddable":true,"href":"https:\/\/www.chiesedisicilia.org\/chiesedisicilia\/news\/wp-json\/wp\/v2\/news-source?post=1356"},{"taxonomy":"is_homepage","embeddable":true,"href":"https:\/\/www.chiesedisicilia.org\/chiesedisicilia\/news\/wp-json\/wp\/v2\/is_homepage?post=1356"},{"taxonomy":"ta_other","embeddable":true,"href":"https:\/\/www.chiesedisicilia.org\/chiesedisicilia\/news\/wp-json\/wp\/v2\/ta_other?post=1356"}],"curies":[{"name":"wp","href":"https:\/\/api.w.org\/{rel}","templated":true}]}}