{"id":1283,"date":"2014-03-06T10:52:00","date_gmt":"2014-03-06T09:52:00","guid":{"rendered":"http:\/\/wptestsite.tecnavia.com\/chiesedisicilia_clientsite\/news\/2014\/03\/06\/agrigento-caritas-servizio-di-orientamento-socio-sanitario\/"},"modified":"2018-11-09T10:55:10","modified_gmt":"2018-01-13T10:55:10","slug":"agrigento-caritas-servizio-di-orientamento-socio-sanitario","status":"publish","type":"post","link":"https:\/\/www.chiesedisicilia.org\/2014\/03\/06\/agrigento-caritas-servizio-di-orientamento-socio-sanitario\/","title":{"rendered":"AGRIGENTO. CARITAS: SERVIZIO DI ORIENTAMENTO SOCIO-SANITARIO"},"content":{"rendered":"<p class=\"MsoNoSpacing\"><span style=\"font-size: medium;\"><span style=\"font-family: 'Times New Roman';\">Dal mese di febbraio \u00e8 partito presso il centro di ascolto diocesano della Caritas il<span class=\"apple-converted-space\">\u00a0<\/span><strong><span style=\"font-weight: normal;\">Servizio di orientamento socio-sanitario<\/span><\/strong>. Il Servizio ha visto l\u2019avvio, con personale qualificato (medici ed infermieri), di una serie di attivit\u00e0 per fornire indicazioni e soluzioni ai problemi relativi all&#8217;assistenza sanitaria per quanti si trovano in condizioni di necessit\u00e0 economica e culturale.<br \/> Gi\u00e0 da tempo, infatti, la Caritas ha registrano la sempre maggiore difficolt\u00e0, per un considerevole numero di persone, stranieri ed italiani, ad accedere ai Servizi sanitari presenti, ed ottenere prestazioni generiche o specialistiche.<br \/> La mancanza di informazioni precise sui servizi disponibili del SSN, le lunghissime liste d\u2019attesa per alcune prestazioni specialistiche con la difficolt\u00e0 economica di accedere alle stesse nel privato, fanno s\u00ec che sempre pi\u00f9 persone si trovino costrette a rinunciare alle cure mediche e ai trattamenti necessari.<br \/> \u201cUniti dalla convinzione che il diritto alla salute sia un bene inalienabile di ogni uomo \u2013 dichiara Vicky Lipari, vice presidente della Fondazione Mondoaltro, braccio operativo della Caritas diocesana &#8211; nonch\u00e9 dal desiderio di mettere a frutto i talenti di competenza specialistiche, medici e infermieri potranno collaborare, nella sede della Caritas, per un primo momento di incontro con i bisogni socio-sanitari delle persone che vi si rivolgono\u201d.<br \/> <strong><span style=\"font-weight: normal;\">Il servizio prevede due opzioni: l&#8217;<\/span><\/strong>orientamento socio-sanitario presso i locali del Centro di Ascolto diocesano della Caritas e le visite specialiste effettuate negli studi dei medici che hanno dato la loro disponibilit\u00e0 (previo passaggio dal centro di ascolto e di invio degli operatori Caritas).<br \/> Il servizio \u00e8 rivolto a persone provenienti da tutto il territorio della diocesi, \u00e8 gratuito ed \u00e8 aperto il luned\u00ec dalle 10,00 alle 12,00 e il mercoled\u00ec dalle 16,00 alle 18,00, presso il centro di ascolto diocesano di Agrigento.<br \/> Le Caritas parrocchiali interessate a diffondere la notizia del servizio presso il proprio territorio o ad avere maggiori informazioni possono contattare il Centro di Ascolto diocesano al 0922\/660980<\/span><\/span><span style=\"font-size:12.0pt;font-family:\"Times New Roman\",\"serif\"\"><o:p><\/o:p><\/span><\/p>\n<p class=\"MsoNoSpacing\"><span style=\"font-size: medium;\"><span style=\"font-family: 'Times New Roman';\">I medici e gli infermieri di tutta la Provincia di Agrigento interessati all\u2019attivit\u00e0 di volontariato possono contattare la Fondazione Mondoaltro<span class=\"apple-converted-space\">\u00a0<\/span><\/span><\/span><span style=\"font-size:12.0pt;font-family:\"Times New Roman\",\"serif\"\"><span style=\"font-size: medium;\"><a href=\"mailto:mondoaltro@caritasagrigento.it\"><span style=\"font-family: 'Times New Roman';\"><span style=\"color: windowtext;\">mondoaltro@caritasagrigento.it<\/span><\/span><\/a><span style=\"font-family: 'Times New Roman';\"> [01]<\/span><\/span><o:p><\/o:p><\/span><\/p>\n","protected":false},"excerpt":{"rendered":"","protected":false},"author":1,"featured_media":0,"comment_status":"open","ping_status":"open","sticky":false,"template":"","format":"standard","meta":[],"categories":[30],"tags":[],"news-destination":[],"news-source":[],"is_homepage":[],"ta_other":[],"_links":{"self":[{"href":"https:\/\/www.chiesedisicilia.org\/chiesedisicilia\/news\/wp-json\/wp\/v2\/posts\/1283"}],"collection":[{"href":"https:\/\/www.chiesedisicilia.org\/chiesedisicilia\/news\/wp-json\/wp\/v2\/posts"}],"about":[{"href":"https:\/\/www.chiesedisicilia.org\/chiesedisicilia\/news\/wp-json\/wp\/v2\/types\/post"}],"author":[{"embeddable":true,"href":"https:\/\/www.chiesedisicilia.org\/chiesedisicilia\/news\/wp-json\/wp\/v2\/users\/1"}],"replies":[{"embeddable":true,"href":"https:\/\/www.chiesedisicilia.org\/chiesedisicilia\/news\/wp-json\/wp\/v2\/comments?post=1283"}],"version-history":[{"count":1,"href":"https:\/\/www.chiesedisicilia.org\/chiesedisicilia\/news\/wp-json\/wp\/v2\/posts\/1283\/revisions"}],"predecessor-version":[{"id":19766,"href":"https:\/\/www.chiesedisicilia.org\/chiesedisicilia\/news\/wp-json\/wp\/v2\/posts\/1283\/revisions\/19766"}],"wp:attachment":[{"href":"https:\/\/www.chiesedisicilia.org\/chiesedisicilia\/news\/wp-json\/wp\/v2\/media?parent=1283"}],"wp:term":[{"taxonomy":"category","embeddable":true,"href":"https:\/\/www.chiesedisicilia.org\/chiesedisicilia\/news\/wp-json\/wp\/v2\/categories?post=1283"},{"taxonomy":"post_tag","embeddable":true,"href":"https:\/\/www.chiesedisicilia.org\/chiesedisicilia\/news\/wp-json\/wp\/v2\/tags?post=1283"},{"taxonomy":"news-destination","embeddable":true,"href":"https:\/\/www.chiesedisicilia.org\/chiesedisicilia\/news\/wp-json\/wp\/v2\/news-destination?post=1283"},{"taxonomy":"news-source","embeddable":true,"href":"https:\/\/www.chiesedisicilia.org\/chiesedisicilia\/news\/wp-json\/wp\/v2\/news-source?post=1283"},{"taxonomy":"is_homepage","embeddable":true,"href":"https:\/\/www.chiesedisicilia.org\/chiesedisicilia\/news\/wp-json\/wp\/v2\/is_homepage?post=1283"},{"taxonomy":"ta_other","embeddable":true,"href":"https:\/\/www.chiesedisicilia.org\/chiesedisicilia\/news\/wp-json\/wp\/v2\/ta_other?post=1283"}],"curies":[{"name":"wp","href":"https:\/\/api.w.org\/{rel}","templated":true}]}}