{"id":1224,"date":"2012-11-29T12:41:00","date_gmt":"2012-11-29T11:41:00","guid":{"rendered":"http:\/\/wptestsite.tecnavia.com\/chiesedisicilia_clientsite\/news\/2012\/11\/29\/agrigento-cultura-cammina-cammina-verso-bethlem\/"},"modified":"2018-11-09T10:55:10","modified_gmt":"2018-01-13T10:55:10","slug":"agrigento-cultura-cammina-cammina-verso-bethlem","status":"publish","type":"post","link":"https:\/\/www.chiesedisicilia.org\/2012\/11\/29\/agrigento-cultura-cammina-cammina-verso-bethlem\/","title":{"rendered":"AGRIGENTO. CULTURA: \u201cCAMMINA, CAMMINA\u2026 VERSO BETHLEM\u201d"},"content":{"rendered":"<div>\n<p class=\"MsoNoSpacing\" style=\"margin: 0cm 0cm 0pt\"><span style=\"font-family: 'Times New Roman','serif'; font-size: 12pt\"><o:p><\/o:p><\/span><\/p>\n<p class=\"MsoNoSpacing\" style=\"margin: 0cm 0cm 0pt\"><span style=\"font-family: 'Times New Roman','serif'; font-size: 12pt\">Un itinerario verso il cuore povero della citt\u00e0 e idealmente verso la sua ferita pi\u00f9 dolorosa, qual \u00e8 la Cattedrale chiusa. \u00c8 organizzato dall\u2019Ufficio Cultura dell\u2019Arcidiocesi agrigentina un evento culturale che mira a risvegliare la pi\u00f9 autentica tradizione siciliana del Natale. Si tratta di tre sere di musica, narrativa ed arte.<b style=\"mso-bidi-font-weight: normal\"> <\/b><\/span><strong><span style=\"font-size: 12pt; font-weight: normal; mso-fareast-font-family: 'Times New Roman'; mso-bidi-font-weight: bold\"><font face=\"Calibri\">La prima, luned\u00ec 3 dicembre<\/font><\/span><\/strong><span style=\"font-family: 'Times New Roman','serif'; font-size: 12pt\">, alle 20.30, <\/span><strong><span style=\"font-size: 12pt; font-weight: normal; mso-fareast-font-family: 'Times New Roman'; mso-bidi-font-weight: bold\"><font face=\"Calibri\">al santuario San Calogero,<\/font><\/span><\/strong><span style=\"font-family: 'Times New Roman','serif'; font-size: 12pt\"> sul tema della Madre e delle madri, si alterneranno la teologa Debora Cuffaro, l\u2019attrice Lia Rocco e la soprano Sara Chianetta, accompagnata dagli organisti Calogero Cusumano e Giovanni Gattuso. Sullo sfondo, gli interventi saranno introdotti da un video, prodotto dal giornalista Diego Romeo. <\/span><strong><span style=\"font-size: 12pt; font-weight: normal; mso-fareast-font-family: 'Times New Roman'; mso-bidi-font-weight: bold\"><font face=\"Calibri\">Luned\u00ec 10 dicembre, ancora alle 20.30,<\/font><\/span><\/strong><b style=\"mso-bidi-font-weight: normal\"><span style=\"font-family: 'Times New Roman','serif'; font-size: 12pt\"> <\/span><\/b><span style=\"font-family: 'Times New Roman','serif'; font-size: 12pt\">nella<\/span><strong><span style=\"font-size: 12pt; font-weight: normal; mso-fareast-font-family: 'Times New Roman'; mso-bidi-font-weight: bold\"><font face=\"Calibri\"> chiesa San Lorenzo<\/font><\/span><\/strong><span style=\"font-family: 'Times New Roman','serif'; font-size: 12pt\">, in via Atenea, Lia Rocco e il critico Beniamino Biondi entreranno nel merito della grande arte popolare e moderna del cinema, con particolare riguardo al periodo natalizio. Nel corso della serata, l\u2019organista Alessandro Alongi, si esibir\u00e0 pi\u00f9 volte. <\/span><strong><span style=\"font-size: 12pt; font-weight: normal; mso-fareast-font-family: 'Times New Roman'; mso-bidi-font-weight: bold\"><font face=\"Calibri\">Luned\u00ec 17 dicembre, alle 20.30, nella chiesa San Domenico,<\/font><\/span><\/strong><b style=\"mso-bidi-font-weight: normal\"><span style=\"font-family: 'Times New Roman','serif'; font-size: 12pt\"> s<\/span><\/b><span style=\"font-family: 'Times New Roman','serif'; font-size: 12pt\">ar\u00e0 infine la volta dell\u2019arte pittorica del Natale, illustrata dalla storica dell\u2019arte Francesca Massara, della Facolt\u00e0 Teologica di Palermo. Interverr\u00e0 ancora con un racconto Lia Rocco, mentre il coro S. Cecilia di Agrigento eseguir\u00e0 cantate di Natale. [01]<o:p><\/o:p><\/span><\/p>\n<\/div>\n","protected":false},"excerpt":{"rendered":"","protected":false},"author":1,"featured_media":0,"comment_status":"open","ping_status":"open","sticky":false,"template":"","format":"standard","meta":[],"categories":[30],"tags":[],"news-destination":[],"news-source":[],"is_homepage":[],"ta_other":[],"_links":{"self":[{"href":"https:\/\/www.chiesedisicilia.org\/chiesedisicilia\/news\/wp-json\/wp\/v2\/posts\/1224"}],"collection":[{"href":"https:\/\/www.chiesedisicilia.org\/chiesedisicilia\/news\/wp-json\/wp\/v2\/posts"}],"about":[{"href":"https:\/\/www.chiesedisicilia.org\/chiesedisicilia\/news\/wp-json\/wp\/v2\/types\/post"}],"author":[{"embeddable":true,"href":"https:\/\/www.chiesedisicilia.org\/chiesedisicilia\/news\/wp-json\/wp\/v2\/users\/1"}],"replies":[{"embeddable":true,"href":"https:\/\/www.chiesedisicilia.org\/chiesedisicilia\/news\/wp-json\/wp\/v2\/comments?post=1224"}],"version-history":[{"count":1,"href":"https:\/\/www.chiesedisicilia.org\/chiesedisicilia\/news\/wp-json\/wp\/v2\/posts\/1224\/revisions"}],"predecessor-version":[{"id":19709,"href":"https:\/\/www.chiesedisicilia.org\/chiesedisicilia\/news\/wp-json\/wp\/v2\/posts\/1224\/revisions\/19709"}],"wp:attachment":[{"href":"https:\/\/www.chiesedisicilia.org\/chiesedisicilia\/news\/wp-json\/wp\/v2\/media?parent=1224"}],"wp:term":[{"taxonomy":"category","embeddable":true,"href":"https:\/\/www.chiesedisicilia.org\/chiesedisicilia\/news\/wp-json\/wp\/v2\/categories?post=1224"},{"taxonomy":"post_tag","embeddable":true,"href":"https:\/\/www.chiesedisicilia.org\/chiesedisicilia\/news\/wp-json\/wp\/v2\/tags?post=1224"},{"taxonomy":"news-destination","embeddable":true,"href":"https:\/\/www.chiesedisicilia.org\/chiesedisicilia\/news\/wp-json\/wp\/v2\/news-destination?post=1224"},{"taxonomy":"news-source","embeddable":true,"href":"https:\/\/www.chiesedisicilia.org\/chiesedisicilia\/news\/wp-json\/wp\/v2\/news-source?post=1224"},{"taxonomy":"is_homepage","embeddable":true,"href":"https:\/\/www.chiesedisicilia.org\/chiesedisicilia\/news\/wp-json\/wp\/v2\/is_homepage?post=1224"},{"taxonomy":"ta_other","embeddable":true,"href":"https:\/\/www.chiesedisicilia.org\/chiesedisicilia\/news\/wp-json\/wp\/v2\/ta_other?post=1224"}],"curies":[{"name":"wp","href":"https:\/\/api.w.org\/{rel}","templated":true}]}}