{"id":12112,"date":"2020-09-17T08:10:56","date_gmt":"2020-09-17T06:10:56","guid":{"rendered":"https:\/\/euwps02.newsmemory.com\/chiesedisicilia\/?p=12112"},"modified":"2020-11-26T14:33:05","modified_gmt":"2020-01-31T14:33:05","slug":"beni-culturali-percorso-tra-arte-e-teologia-per-la-riscoperta-e-la-valorizzazione-del-bosco-di-jaci","status":"publish","type":"post","link":"https:\/\/www.chiesedisicilia.org\/2020\/09\/17\/beni-culturali-percorso-tra-arte-e-teologia-per-la-riscoperta-e-la-valorizzazione-del-bosco-di-jaci\/","title":{"rendered":"BENI CULTURALI: PERCORSO TRA ARTE E TEOLOGIA PER LA RISCOPERTA E LA VALORIZZAZIONE DEL BOSCO DI JACI"},"content":{"rendered":"<p>Avr\u00e0 inizio venerd\u00ec 18 settembre il\u00a0\u201cPercorso tra arte e teologia per la riscoperta e la valorizzazione del bosco di Jaci&#8221;: si tratta dell&#8217;VIII edizione del corso sui beni culturali ecclesiastici, promosso dalla Diocesi di Acireale, dal Parco culturale ecclesiale Terre dell\u2019Etna e dell\u2019Alcantara e dall\u2019Associazione Cento Campanili.<\/p>\n<p>Ad aprire l&#8217;appuntamento sar\u00e0 la lezione inaugurale in programma a Santa Venerina, nella chiesa Sacro Cuore di Ges\u00f9, alle ore 15.30.<\/p>\n<p>Al corso pu\u00f2 iscriversi chiunque sia interessato a diventare operatore per il patrimonio culturale, senza limite di et\u00e0 o di curriculum scolastico.<\/p>\n<p>&#8220;<em>Il corso<\/em> &#8211; spiega <strong>Maria Rosa Licciardello, presidente dell\u2019Associazione Culturale Cento Campani<\/strong> &#8211; <em>\u00e8 un valido strumento per l\u2019aggiornamento professionale degli insegnanti e di coloro che intendono scommettersi sulla conoscenza e la comunicazione dei valori identitari della cultura cristiana<\/em>&#8220;.<\/p>\n<p>E&#8217;articolato in quattro sezioni della durata complessiva di 50 ore, si pone in continuit\u00e0 con il percorso intrapreso nelle edizioni precedenti individuando nella riscoperta e valorizzazione dell\u2019antico Bosco di Jaci il suo principale filo conduttore. &#8220;<em>Partendo da una riflessione biblica sull\u2019uomo e il lavoro della terra, con l\u2019ausilio dell\u2019archeologia, della storia della Chiesa e della sociologia &#8211; spiega\u00a0<strong>don Angelo Milone, direttore dell&#8217;Ufficio per i Beni Culturali ed Ecclesiastici<\/strong> &#8211; si intende offrire un quadro aggiornato delle conoscenze sulle principali vicende storiche del territorio che ruota intorno all\u2019antico e suggestivo Bosco di Jaci.\u00a0<\/em><em>Il percorso cos\u00ec delineato<\/em> <em>si snoda dalle testimonianze archeologiche all\u2019antropizzazione, dalla nascita dei borghi al loro sfruttamento, dalla Segrezia di Aci ai cammini ed alle chiese rurali<\/em>&#8220;.<\/p>\n<p>Al fine di collegare l\u2019esercizio formativo alla realt\u00e0 territoriale sono state inserite, altres\u00ec, due lezioni itineranti, la prima delle quali si concretizzer\u00e0 in una vera e propria esperienza di Cammino, quella del Cammino dei tre Santi, promosso dal Parco culturale ecclesiale.<\/p>\n<p>&#8220;<em>Partendo dall\u2019assunto che per tutelare e valorizzare il patrimonio artistico ed ecclesiale in particolare, \u00e8 indispensabile fornire alle nuove generazioni non solo le basi teoriche ma soprattutto trasmettere la passione per la conoscenza e la valorizzazione dei beni che i nostri avi ci hanno tramandato. Essi<\/em> &#8211;\u00a0spiega\u00a0<strong>don Roberto Fucile, direttore dell&#8217;Ufficio per la Pastorale del Tempo Libero, del Turismo e dello Sport<\/strong>\u00a0&#8211; <em>sono non solo testimonianze storiche ma veri e propri trattati di teologia. Possono perci\u00f2 diventare ambiente di apprendimento per l\u2019educazione delle giovani generazioni e via privilegiata di diffusione del messaggio evangelico<\/em>&#8220;.<\/p>\n<p>Il corso che, come detto, inizier\u00e0 il 18 settembre e si concluder\u00e0 il 25 ottobre.\u00a0Il calendario, la sede e le modalit\u00e0 di svolgimento del corso, potranno subire variazioni legate all\u2019evolversi delle regole di contenimento anti-Covid, ma la frequenza sar\u00e0 obbligatoria. Ai partecipanti che non avranno superato il 30% di assenze previsto sul monte ore di lezione verr\u00e0 rilasciato un attestato di partecipazione con l\u2019indicazione del percorso formativo svolto.<\/p>\n<p>Del Comitato promotore dell&#8217;iniziativa fanno parte: mons. Antonino Raspanti, vescovo di Acireale; don Angelo Milone, direttore Ufficio BeniCulturali Ecclesiastici; don Roberto Fucile, direttore Ufficio per la Pastorale del Tempo Libero, del Turismo e dello Sport; dott.sa Maria Rosa Licciardello, presidente dell\u2019Associazione Culturale Cento Campanili.<\/p>\n<p>Per maggiori informazioni \u00e8 possibile consultare la pagina del corso.<\/p>\n<p>&nbsp;<\/p>\n<p>&nbsp;<\/p>\n","protected":false},"excerpt":{"rendered":"","protected":false},"author":12,"featured_media":12113,"comment_status":"closed","ping_status":"closed","sticky":false,"template":"","format":"standard","meta":[],"categories":[30],"tags":[],"news-destination":[],"news-source":[],"is_homepage":[],"ta_other":[],"_links":{"self":[{"href":"https:\/\/www.chiesedisicilia.org\/chiesedisicilia\/news\/wp-json\/wp\/v2\/posts\/12112"}],"collection":[{"href":"https:\/\/www.chiesedisicilia.org\/chiesedisicilia\/news\/wp-json\/wp\/v2\/posts"}],"about":[{"href":"https:\/\/www.chiesedisicilia.org\/chiesedisicilia\/news\/wp-json\/wp\/v2\/types\/post"}],"author":[{"embeddable":true,"href":"https:\/\/www.chiesedisicilia.org\/chiesedisicilia\/news\/wp-json\/wp\/v2\/users\/12"}],"replies":[{"embeddable":true,"href":"https:\/\/www.chiesedisicilia.org\/chiesedisicilia\/news\/wp-json\/wp\/v2\/comments?post=12112"}],"version-history":[{"count":10,"href":"https:\/\/www.chiesedisicilia.org\/chiesedisicilia\/news\/wp-json\/wp\/v2\/posts\/12112\/revisions"}],"predecessor-version":[{"id":13976,"href":"https:\/\/www.chiesedisicilia.org\/chiesedisicilia\/news\/wp-json\/wp\/v2\/posts\/12112\/revisions\/13976"}],"wp:featuredmedia":[{"embeddable":true,"href":"https:\/\/www.chiesedisicilia.org\/chiesedisicilia\/news\/wp-json\/wp\/v2\/media\/12113"}],"wp:attachment":[{"href":"https:\/\/www.chiesedisicilia.org\/chiesedisicilia\/news\/wp-json\/wp\/v2\/media?parent=12112"}],"wp:term":[{"taxonomy":"category","embeddable":true,"href":"https:\/\/www.chiesedisicilia.org\/chiesedisicilia\/news\/wp-json\/wp\/v2\/categories?post=12112"},{"taxonomy":"post_tag","embeddable":true,"href":"https:\/\/www.chiesedisicilia.org\/chiesedisicilia\/news\/wp-json\/wp\/v2\/tags?post=12112"},{"taxonomy":"news-destination","embeddable":true,"href":"https:\/\/www.chiesedisicilia.org\/chiesedisicilia\/news\/wp-json\/wp\/v2\/news-destination?post=12112"},{"taxonomy":"news-source","embeddable":true,"href":"https:\/\/www.chiesedisicilia.org\/chiesedisicilia\/news\/wp-json\/wp\/v2\/news-source?post=12112"},{"taxonomy":"is_homepage","embeddable":true,"href":"https:\/\/www.chiesedisicilia.org\/chiesedisicilia\/news\/wp-json\/wp\/v2\/is_homepage?post=12112"},{"taxonomy":"ta_other","embeddable":true,"href":"https:\/\/www.chiesedisicilia.org\/chiesedisicilia\/news\/wp-json\/wp\/v2\/ta_other?post=12112"}],"curies":[{"name":"wp","href":"https:\/\/api.w.org\/{rel}","templated":true}]}}