{"id":12000,"date":"2020-08-27T18:48:23","date_gmt":"2020-08-27T16:48:23","guid":{"rendered":"https:\/\/euwps02.newsmemory.com\/chiesedisicilia\/?p=12000"},"modified":"2020-09-04T20:09:11","modified_gmt":"2019-11-09T20:09:11","slug":"protocollo-dintesa-spazi-parrocchiali-ed-edifici-ecclesiastici-per-accogliere-gli-studenti","status":"publish","type":"post","link":"https:\/\/www.chiesedisicilia.org\/2020\/08\/27\/protocollo-dintesa-spazi-parrocchiali-ed-edifici-ecclesiastici-per-accogliere-gli-studenti\/","title":{"rendered":"PROTOCOLLO D&#8217;INTESA: SPAZI PARROCCHIALI ED EDIFICI ECCLESIASTICI PER ACCOGLIERE GLI STUDENTI"},"content":{"rendered":"<div id=\"fb-root\"><\/div>\n<p><script async=\"1\" defer=\"1\" crossorigin=\"anonymous\" src=\"https:\/\/connect.facebook.net\/de_DE\/sdk.js#xfbml=1&amp;version=v8.0\" nonce=\"wibsBsKz\"><\/script><\/p>\n<div class=\"fb-post\" data-href=\"https:\/\/www.facebook.com\/110666433793901\/posts\/183637799830097\/\" data-width=\"640\">\n<blockquote cite=\"https:\/\/www.facebook.com\/permalink.php?story_fbid=183637799830097&amp;id=110666433793901\" class=\"fb-xfbml-parse-ignore\">\n<p>\ud83d\udd39 Spazi parrocchiali ed edifici ecclesiastici in comodato gratuito per favorire studenti, insegnanti e famiglie nella&#8230;<\/p>\n<p>Gepostet von <a href=\"https:\/\/www.facebook.com\/CESi-Conferenza-Episcopale-Siciliana-110666433793901\/\">CESi &#8211;  Conferenza Episcopale Siciliana<\/a> am&nbsp;<a href=\"https:\/\/www.facebook.com\/permalink.php?story_fbid=183637799830097&amp;id=110666433793901\">Freitag, 28. August 2020<\/a><\/p><\/blockquote>\n<\/div>\n<p>&nbsp;<\/p>\n<p>\u00c8 stato firmato oggi, presso l\u2019Arcivescovado di Monreale, il Protocollo d\u2019Intesa tra l\u2019Assessorato regionale all\u2019Istruzione, la Conferenza episcopale siciliana, ANCI e USR finalizzato alla possibile utilizzazione, in comodato d\u2019uso, di spazi parrocchiali ed edifici ecclesiastici, da destinare all\u2019accoglienza degli studenti, in vista della ripresa delle attivit\u00e0 didattiche nel rispetto delle misure anti-Covid19.<br \/>\nOltre all\u2019assessore Roberto Lagalla, erano presenti Monsignor Michele Pennisi, Arcivescovo di Monreale, in rappresentanza della CESI, Elio Cardinale, Presidente della task-force regionale e il Sindaco Leoluca Orlando, per ANCI Sicilia. L\u2019USR aveva gi\u00e0 precedentemente sottoscritto l\u2019atto d\u2019intesa che \u00e8 ora disponibile per promuovere, a livello territoriale, eventuali intese tra amministrazioni locali e autorit\u00e0 ecclesiastiche.<\/p>\n<p>\u00ab<i>Confidiamo che l\u2019intesa appena siglata <\/i>\u2013 spiega <b>l\u2019assessore Roberto Lagalla <\/b>\u2013 <i>possa favorire la ulteriore disponibilit\u00e0 di spazi aggiuntivi per quegli istituti scolastici che ancora si trovino in condizioni di difficolt\u00e0 per mancanza di locali adeguati a garantire le opportune misure di distanziamento anti Covid-19<\/i>\u00bb.<\/p>\n<p style=\"text-align: left\"><img alt=\"PROTOCOLLO D'INTESA: SPAZI PARROCCHIALI ED EDIFICI ECCLESIASTICI PER ACCOGLIERE GLI STUDENTI\" title=\"PROTOCOLLO D'INTESA: SPAZI PARROCCHIALI ED EDIFICI ECCLESIASTICI PER ACCOGLIERE GLI STUDENTI\" loading=\"lazy\" class=\"size-medium wp-image-12005 alignleft\" src=\"https:\/\/www.chiesedisicilia.org\/chiesedisicilia\/news\/wp-content\/uploads\/sites\/2\/2020\/08\/IMG-20200827-WA0031.jpg\" alt=\"\" width=\"300\" height=\"225\" srcset=\"https:\/\/euwps06.newsmemory.com\/chiesedisicilia\/news\/wp-content\/uploads\/sites\/2\/2020\/08\/IMG-20200827-WA0031.jpg 1600w, https:\/\/euwps06.newsmemory.com\/chiesedisicilia\/news\/wp-content\/uploads\/sites\/2\/2020\/08\/IMG-20200827-WA0031-300x225.jpg 300w, https:\/\/euwps06.newsmemory.com\/chiesedisicilia\/news\/wp-content\/uploads\/sites\/2\/2020\/08\/IMG-20200827-WA0031-768x576.jpg 768w, https:\/\/euwps06.newsmemory.com\/chiesedisicilia\/news\/wp-content\/uploads\/sites\/2\/2020\/08\/IMG-20200827-WA0031-1024x768.jpg 1024w, https:\/\/euwps06.newsmemory.com\/chiesedisicilia\/news\/wp-content\/uploads\/sites\/2\/2020\/08\/IMG-20200827-WA0031-750x563.jpg 750w\" sizes=\"(max-width: 300px) 100vw, 300px\" \/>\u00ab<i>Le Chiese di Sicilia <\/i>\u2013 interviene <b>l\u2019Arcivescovo<\/b> &#8211; <i>sono ben liete di poter garantire piena collaborazione alle istituzioni scolastiche, all\u2019ANCI e all\u2019USR, nel mettere a disposizione spazi accessori e consentire un avvio sereno dell\u2019anno scolastico. La scuola, l\u2019istruzione e l\u2019educazione dei giovani devono essere al centro del bene comune di tutti<\/i>\u00bb.<\/p>\n<p>\u00ab<i>Un importante segnale di collaborazione a 360\u00b0 in un momento di straordinaria necessit\u00e0<\/i> \u2013 dichiara <b>Orlando<\/b> &#8211; <i>per il sistema scolastico della Regione e del Paese. Gi\u00e0 in alcune citt\u00e0 ci si \u00e8 mossi in questa direzione con risultati apprezzabili che hanno ridotto in modo considerevole l&#8217;emergenza<\/i>\u00bb.\u00a0\u00ab<i>Questo accordo dimostra la volont\u00e0 di tutti di far partire nei tempi giusti la scuola, uno dei fondamenti della civilt\u00e0 di ogni Paese<\/i> \u2013 spiega <b>Cardinale<\/b> &#8211; <i>evitando che il disagio dello scorso anno, causato dal Covid-19, possa ancora ripetersi. Stiamo facendo tutto quanto rientra nelle nostre competenze e, grazie alla sensibilit\u00e0 di Monsignor Michele Pennisi e al lavoro\u00a0vigile della task-force regionale, sono certo che tutto andr\u00e0 a vantaggio della scuola siciliana<\/i>\u00bb.<\/p>\n","protected":false},"excerpt":{"rendered":"","protected":false},"author":4,"featured_media":12001,"comment_status":"closed","ping_status":"closed","sticky":false,"template":"","format":"standard","meta":[],"categories":[26],"tags":[],"news-destination":[],"news-source":[],"is_homepage":[],"ta_other":[],"_links":{"self":[{"href":"https:\/\/www.chiesedisicilia.org\/chiesedisicilia\/news\/wp-json\/wp\/v2\/posts\/12000"}],"collection":[{"href":"https:\/\/www.chiesedisicilia.org\/chiesedisicilia\/news\/wp-json\/wp\/v2\/posts"}],"about":[{"href":"https:\/\/www.chiesedisicilia.org\/chiesedisicilia\/news\/wp-json\/wp\/v2\/types\/post"}],"author":[{"embeddable":true,"href":"https:\/\/www.chiesedisicilia.org\/chiesedisicilia\/news\/wp-json\/wp\/v2\/users\/4"}],"replies":[{"embeddable":true,"href":"https:\/\/www.chiesedisicilia.org\/chiesedisicilia\/news\/wp-json\/wp\/v2\/comments?post=12000"}],"version-history":[{"count":7,"href":"https:\/\/www.chiesedisicilia.org\/chiesedisicilia\/news\/wp-json\/wp\/v2\/posts\/12000\/revisions"}],"predecessor-version":[{"id":23691,"href":"https:\/\/www.chiesedisicilia.org\/chiesedisicilia\/news\/wp-json\/wp\/v2\/posts\/12000\/revisions\/23691"}],"wp:featuredmedia":[{"embeddable":true,"href":"https:\/\/www.chiesedisicilia.org\/chiesedisicilia\/news\/wp-json\/wp\/v2\/media\/12001"}],"wp:attachment":[{"href":"https:\/\/www.chiesedisicilia.org\/chiesedisicilia\/news\/wp-json\/wp\/v2\/media?parent=12000"}],"wp:term":[{"taxonomy":"category","embeddable":true,"href":"https:\/\/www.chiesedisicilia.org\/chiesedisicilia\/news\/wp-json\/wp\/v2\/categories?post=12000"},{"taxonomy":"post_tag","embeddable":true,"href":"https:\/\/www.chiesedisicilia.org\/chiesedisicilia\/news\/wp-json\/wp\/v2\/tags?post=12000"},{"taxonomy":"news-destination","embeddable":true,"href":"https:\/\/www.chiesedisicilia.org\/chiesedisicilia\/news\/wp-json\/wp\/v2\/news-destination?post=12000"},{"taxonomy":"news-source","embeddable":true,"href":"https:\/\/www.chiesedisicilia.org\/chiesedisicilia\/news\/wp-json\/wp\/v2\/news-source?post=12000"},{"taxonomy":"is_homepage","embeddable":true,"href":"https:\/\/www.chiesedisicilia.org\/chiesedisicilia\/news\/wp-json\/wp\/v2\/is_homepage?post=12000"},{"taxonomy":"ta_other","embeddable":true,"href":"https:\/\/www.chiesedisicilia.org\/chiesedisicilia\/news\/wp-json\/wp\/v2\/ta_other?post=12000"}],"curies":[{"name":"wp","href":"https:\/\/api.w.org\/{rel}","templated":true}]}}