{"id":11991,"date":"2020-08-24T15:09:46","date_gmt":"2020-08-24T13:09:46","guid":{"rendered":"https:\/\/euwps02.newsmemory.com\/chiesedisicilia\/?p=11991"},"modified":"2020-08-24T15:09:49","modified_gmt":"2019-10-29T15:09:49","slug":"ordinanza-musumeci-forte-preoccupazione-e-fermo-dissenso-di-caritas-e-migrantes","status":"publish","type":"post","link":"https:\/\/www.chiesedisicilia.org\/2020\/08\/24\/ordinanza-musumeci-forte-preoccupazione-e-fermo-dissenso-di-caritas-e-migrantes\/","title":{"rendered":"ORDINANZA  MUSUMECI: \u201cFORTE PREOCCUPAZIONE E FERMO DISSENSO&#8221; DI CARITAS E MIGRANTES"},"content":{"rendered":"<p>La Caritas Diocesana di Palermo con l\u2019Ufficio Migrantes esprimono forte preoccupazione e fermo dissenso nei confronti dell\u2019Ordinanza n. 33 del 22 agosto 2020 emanata dal Presidente della Regione Sicilia On. Nello Musumeci. Ci\u00f2 che preoccupa nel testo del provvedimento, e nelle dichiarazioni rese alla stampa per presentarlo, \u00e8 l\u2019argomentazione solo in apparenza logica ma in realt\u00e0 deficitaria sul piano razionale, nonch\u00e9 su quello umano ed evangelico.<\/p>\n<p>L\u2019Ordinanza parte in verit\u00e0 da una costatazione del tutto condivisibile, mettendo in luce l\u2019enorme disagio in cui versano oggi sia la popolazione siciliana, sia i migranti affluiti sulle nostre coste in questi mesi estivi. I motivi: penuria di strutture idonee all\u2019accoglienza, assenza di servizi adeguati, mancata redistribuzione in ottemperanza agli accordi europei, deresponsabilizzazione degli altri Stati membri della CEE, fughe da hotspot e centri sovraffollati.<\/p>\n<p>Ma gi\u00e0 a questo livello la lettura del fenomeno si rivela fuorviante. Il disagio, il dolore, la fatica vengono giustamente attribuiti agli abitanti delle nostre isole senza prendere per\u00f2 in considerazione anche lo stato e il destino di migliaia di donne, di bambini e di uomini in fuga dalla fame e dalle guerre, che concludono in Sicilia, in maniera indegna, un lungo esodo in cerca di libert\u00e0 e di vita buona. Come ha fatto notare a pi\u00f9 riprese Papa Francesco, se dividiamo l\u2019umanit\u00e0 in persone di serie A e di serie B, se non ci facciamo carico del dolore di tutti, siamo destinati al fallimento umano e politico.<\/p>\n<p>Infatti, la conseguenza logica di questa situazione dovrebbe essere una serie di atti amministrativi e legislativi volti a coniugare sicurezza e solidariet\u00e0, a tutelare i Siciliani e ad accogliere in maniera dignitosa i pi\u00f9 poveri della terra. L\u2019Ordinanza invece sceglie la via dell\u2019ennesima negazione del diritto umano alla mobilit\u00e0, la via mistificante di una nuova cosciente discriminazione.<br \/>\nTutti ricordano come la Regione Sicilia aveva nei mesi scorsi, per bocca dello stesso Presidente, prefigurato misure di controllo severissime per i turisti orientati a trascorrere le loro ferie in Sicilia (trovandosi tra costoro, anche persone provenienti da paesi ad alta diffusione primaria del covid). Di quel che fu preannunziato a maggio finora non si \u00e8 visto nulla, n\u00e9 si sono messi in atto protocolli di sicurezza volti ad evitare assembramenti o altre forme di pericolosa promiscuit\u00e0.<\/p>\n<p>Ma se coloro che provengono dai paesi del Nord del mondo, interessati fortemente dal coronavirus, possono muoversi ed entrare liberamente in Sicilia, perch\u00e9 i migranti no? Al contrario, quanti provengono dai paesi del Sud del mondo, quanti sono sottoposti giornalmente allo sfruttamento dell\u2019Occidente, quanti hanno \u2018ricevuto\u2019 il covid dal Nord del pianeta, come una ennesima piaga, costoro no, non possono muoversi liberamente: rappresentano un pericolo sanitario. I poveri sono dunque pericolosi, devono essere discriminati, mentre proprio il covid ci ha insegnato che di fronte alla malattia siamo tutti uguali, che il virus non distingue i ricchi dai poveri, e si diffonde tra gli uni e tra gli altri, a causa degli uni e a causa degli altri, senza differenze di sorta. Il nostro Arcivescovo, Mons. Corrado Lorefice durante il discorso alla Citt\u00e0 del Festino di S. Rosalia il 14 luglio scorso ha ribadito: \u201cSe il virus non ci ha insegnato che il destino del mondo \u00e8 uno solo, che ci salveremo o periremo assieme; se la pandemia ci ha resi ancora pi\u00f9 pavidi e calcolatori, facendoci credere di poter salvare il nostro posto al sole, siamo degli illusi, dei poveri disperati. Basta con gli stratagemmi internazionali, con i respingimenti, basta con le leggi omicide\u201d.<\/p>\n<p>Con l\u2019Ordinanza del Presidente Musumeci si trasmette dunque, a nostro parere, un messaggio intimamente sbagliato e antropologicamente pericoloso. Intimamente sbagliato, perch\u00e9 si attribuisce ai migranti la responsabilit\u00e0 di una diffusione del contagio che casomai \u00e8 da attribuire alla mancanza di protocolli e di misure adeguate a tutelare i cittadini dell\u2019isola e chiunque venga in Sicilia dall\u2019Italia e dall\u2019estero. Antropologicamente pericoloso, perch\u00e9 equipara i poveri agli untori e divide ancora una volta l\u2019umanit\u00e0 in due, inconsapevolmente preparando e non evitando la catastrofe planetaria che verr\u00e0 da un mondo disunito e disumano. \u00c8 incredibile \u2013 dopo anni di studi e di ricerche sull\u2019invenzione del capro espiatorio quale forma di perversione sociale \u2013 come vengano ancor oggi propinate teorie di questo tipo, utili forse demagogicamente sul piano del consenso politico spicciolo ma umanamente ed evangelicamente inaccettabili. \u201cIl Signore \u2013 ha affermato ieri Papa Francesco all&#8217;Angelus \u2013 ci chieder\u00e0 conto di tutti i migranti caduti nei viaggi della speranza. Sono stati vittime della cultura dello scarto\u201d.<\/p>\n<p>Solo l\u2019abbraccio tra tutti gli uomini e l\u2019abbraccio dell\u2019umanit\u00e0 alla madre Terra potr\u00e0 darci futuro e speranza<\/p>\n","protected":false},"excerpt":{"rendered":"","protected":false},"author":4,"featured_media":11993,"comment_status":"closed","ping_status":"closed","sticky":false,"template":"","format":"standard","meta":[],"categories":[30],"tags":[],"news-destination":[],"news-source":[],"is_homepage":[],"ta_other":[],"_links":{"self":[{"href":"https:\/\/www.chiesedisicilia.org\/chiesedisicilia\/news\/wp-json\/wp\/v2\/posts\/11991"}],"collection":[{"href":"https:\/\/www.chiesedisicilia.org\/chiesedisicilia\/news\/wp-json\/wp\/v2\/posts"}],"about":[{"href":"https:\/\/www.chiesedisicilia.org\/chiesedisicilia\/news\/wp-json\/wp\/v2\/types\/post"}],"author":[{"embeddable":true,"href":"https:\/\/www.chiesedisicilia.org\/chiesedisicilia\/news\/wp-json\/wp\/v2\/users\/4"}],"replies":[{"embeddable":true,"href":"https:\/\/www.chiesedisicilia.org\/chiesedisicilia\/news\/wp-json\/wp\/v2\/comments?post=11991"}],"version-history":[{"count":2,"href":"https:\/\/www.chiesedisicilia.org\/chiesedisicilia\/news\/wp-json\/wp\/v2\/posts\/11991\/revisions"}],"predecessor-version":[{"id":11994,"href":"https:\/\/www.chiesedisicilia.org\/chiesedisicilia\/news\/wp-json\/wp\/v2\/posts\/11991\/revisions\/11994"}],"wp:featuredmedia":[{"embeddable":true,"href":"https:\/\/www.chiesedisicilia.org\/chiesedisicilia\/news\/wp-json\/wp\/v2\/media\/11993"}],"wp:attachment":[{"href":"https:\/\/www.chiesedisicilia.org\/chiesedisicilia\/news\/wp-json\/wp\/v2\/media?parent=11991"}],"wp:term":[{"taxonomy":"category","embeddable":true,"href":"https:\/\/www.chiesedisicilia.org\/chiesedisicilia\/news\/wp-json\/wp\/v2\/categories?post=11991"},{"taxonomy":"post_tag","embeddable":true,"href":"https:\/\/www.chiesedisicilia.org\/chiesedisicilia\/news\/wp-json\/wp\/v2\/tags?post=11991"},{"taxonomy":"news-destination","embeddable":true,"href":"https:\/\/www.chiesedisicilia.org\/chiesedisicilia\/news\/wp-json\/wp\/v2\/news-destination?post=11991"},{"taxonomy":"news-source","embeddable":true,"href":"https:\/\/www.chiesedisicilia.org\/chiesedisicilia\/news\/wp-json\/wp\/v2\/news-source?post=11991"},{"taxonomy":"is_homepage","embeddable":true,"href":"https:\/\/www.chiesedisicilia.org\/chiesedisicilia\/news\/wp-json\/wp\/v2\/is_homepage?post=11991"},{"taxonomy":"ta_other","embeddable":true,"href":"https:\/\/www.chiesedisicilia.org\/chiesedisicilia\/news\/wp-json\/wp\/v2\/ta_other?post=11991"}],"curies":[{"name":"wp","href":"https:\/\/api.w.org\/{rel}","templated":true}]}}