{"id":11870,"date":"2020-07-23T09:26:03","date_gmt":"2020-07-23T07:26:03","guid":{"rendered":"https:\/\/euwps02.newsmemory.com\/chiesedisicilia\/?p=11870"},"modified":"2020-07-23T09:26:06","modified_gmt":"2019-09-27T09:26:06","slug":"le-torri-della-cattedrale-di-notte-fede-bellezza-e-musica","status":"publish","type":"post","link":"https:\/\/www.chiesedisicilia.org\/2020\/07\/23\/le-torri-della-cattedrale-di-notte-fede-bellezza-e-musica\/","title":{"rendered":"LE TORRI DELLA CATTEDRALE DI NOTTE: FEDE, BELLEZZA E MUSICA"},"content":{"rendered":"<p>Dopo il successo della prima serata, torna sabato 25 luglio il secondo appuntamento con le visite notturne agli Itinerari della Bellezza. Le visite ai percorsi diventano ancora pi\u00f9 suggestive all&#8217;interno del calendario delle aperture serali. Ogni serata sar\u00e0 accompagnata da un intrattenimento speciale per rendere unica l&#8217;atmosfera: sabato 25 si esibiranno il maestro di violino Vincenzo Cangelosi e la pianista Cristina Cangelosi.<\/p>\n<p>La visita agli itinerari avr\u00e0 luogo dalle ore 21.00 alle ore 24.00 e comprender\u00e0 le torri e i tetti della Cattedrale, i mosaici del catino absidale, la sacrestia, l\u2019area museale, il Salone Sansoni, la Cappella vescovile ed il Chiostro canonicale.<\/p>\n<p>Le prossime visite notturne si svolgeranno ad agosto, il 4, il 15 e il 22 agosto, e il 12 settembre.<\/p>\n<p>&#8220;<em>Al fine di rendere la visita del tutto sicura gli ingressi saranno contingentati nell\u2019osservanza degli attuali protocolli di sicurezza e delle normative vigenti. L&#8217;ingresso e l&#8217;uscita dal percorso<\/em> &#8211; spiega una nota della Curia &#8211; <em>saranno differenziati, accedendo unicamente da Via Passafiume, fianco destro della Cattedrale. L\u2019ingresso sar\u00e0 dotato di dispenser con gel mani igienizzante ed ai visitatori verr\u00e0 misurata la temperatura corporea prima di accedere ai percorsi. \u00c8 obbligatorio indossare la mascherina durante tutto lo svolgimento della visita<\/em>&#8220;.<\/p>\n<p>Per evitare che si possano creare degli assembramenti, pur potendo acquistare i ticket presso la biglietteria, \u00e8 consigliabile effettuare l&#8217;acquisto dei ticket sul sito web ufficiale www.duomocefalu.it dove sar\u00e0 possibile prenotare direttamente la fascia oraria desiderata per la visita e trovare tutte le informazioni necessarie.<\/p>\n","protected":false},"excerpt":{"rendered":"","protected":false},"author":4,"featured_media":11871,"comment_status":"closed","ping_status":"closed","sticky":false,"template":"","format":"standard","meta":[],"categories":[30],"tags":[],"news-destination":[],"news-source":[],"is_homepage":[],"ta_other":[],"_links":{"self":[{"href":"https:\/\/www.chiesedisicilia.org\/chiesedisicilia\/news\/wp-json\/wp\/v2\/posts\/11870"}],"collection":[{"href":"https:\/\/www.chiesedisicilia.org\/chiesedisicilia\/news\/wp-json\/wp\/v2\/posts"}],"about":[{"href":"https:\/\/www.chiesedisicilia.org\/chiesedisicilia\/news\/wp-json\/wp\/v2\/types\/post"}],"author":[{"embeddable":true,"href":"https:\/\/www.chiesedisicilia.org\/chiesedisicilia\/news\/wp-json\/wp\/v2\/users\/4"}],"replies":[{"embeddable":true,"href":"https:\/\/www.chiesedisicilia.org\/chiesedisicilia\/news\/wp-json\/wp\/v2\/comments?post=11870"}],"version-history":[{"count":1,"href":"https:\/\/www.chiesedisicilia.org\/chiesedisicilia\/news\/wp-json\/wp\/v2\/posts\/11870\/revisions"}],"predecessor-version":[{"id":11872,"href":"https:\/\/www.chiesedisicilia.org\/chiesedisicilia\/news\/wp-json\/wp\/v2\/posts\/11870\/revisions\/11872"}],"wp:featuredmedia":[{"embeddable":true,"href":"https:\/\/www.chiesedisicilia.org\/chiesedisicilia\/news\/wp-json\/wp\/v2\/media\/11871"}],"wp:attachment":[{"href":"https:\/\/www.chiesedisicilia.org\/chiesedisicilia\/news\/wp-json\/wp\/v2\/media?parent=11870"}],"wp:term":[{"taxonomy":"category","embeddable":true,"href":"https:\/\/www.chiesedisicilia.org\/chiesedisicilia\/news\/wp-json\/wp\/v2\/categories?post=11870"},{"taxonomy":"post_tag","embeddable":true,"href":"https:\/\/www.chiesedisicilia.org\/chiesedisicilia\/news\/wp-json\/wp\/v2\/tags?post=11870"},{"taxonomy":"news-destination","embeddable":true,"href":"https:\/\/www.chiesedisicilia.org\/chiesedisicilia\/news\/wp-json\/wp\/v2\/news-destination?post=11870"},{"taxonomy":"news-source","embeddable":true,"href":"https:\/\/www.chiesedisicilia.org\/chiesedisicilia\/news\/wp-json\/wp\/v2\/news-source?post=11870"},{"taxonomy":"is_homepage","embeddable":true,"href":"https:\/\/www.chiesedisicilia.org\/chiesedisicilia\/news\/wp-json\/wp\/v2\/is_homepage?post=11870"},{"taxonomy":"ta_other","embeddable":true,"href":"https:\/\/www.chiesedisicilia.org\/chiesedisicilia\/news\/wp-json\/wp\/v2\/ta_other?post=11870"}],"curies":[{"name":"wp","href":"https:\/\/api.w.org\/{rel}","templated":true}]}}