{"id":1182,"date":"2011-03-29T10:36:00","date_gmt":"2011-03-29T08:36:00","guid":{"rendered":"http:\/\/wptestsite.tecnavia.com\/chiesedisicilia_clientsite\/news\/2011\/03\/29\/agrigento-caritas-programmazione-prossimo-biennio\/"},"modified":"2018-11-09T10:55:09","modified_gmt":"2018-01-13T10:55:09","slug":"agrigento-caritas-programmazione-prossimo-biennio","status":"publish","type":"post","link":"https:\/\/www.chiesedisicilia.org\/2011\/03\/29\/agrigento-caritas-programmazione-prossimo-biennio\/","title":{"rendered":"AGRIGENTO. CARITAS: PROGRAMMAZIONE PROSSIMO BIENNIO"},"content":{"rendered":"<div>In vista del Convegno diocesano delle Caritas parrocchiali che si terr\u00e0 ad Agrigento il prossimo 5 giugno, la Caritas diocesana invita gli animatori a tracciare le linee programmatiche per la Pastorale della carit\u00e0 relative al prossimo biennio. Il tema di riflessione scelto per il prossimo appuntamento \u00e8 \u201cLa Caritas come strumento di sintesi dei carismi ecclesiali per educare la societ\u00e0 e la Chiesa alla vita buona del Vangelo\u201d. Il Convegno \u00e8 gi\u00e0 stato preceduto da un importante incontro, svoltosi lo scorso 26 marzo, sabato, durante il quale \u00e8 stato chiesto alle Caritas, esistenti e costituende, di segnalare, attraverso la scheda di preiscrizione scaricabile dal sito, i laboratori ai quali si desidera partecipare. Sul sito \u00e8 possibile scaricare, oltre al programma, anche le tracce dei laboratori. [01]<\/p>\n<div>\u00a0<\/div>\n<\/div>\n","protected":false},"excerpt":{"rendered":"","protected":false},"author":1,"featured_media":0,"comment_status":"open","ping_status":"open","sticky":false,"template":"","format":"standard","meta":[],"categories":[30],"tags":[],"news-destination":[],"news-source":[],"is_homepage":[],"ta_other":[],"_links":{"self":[{"href":"https:\/\/www.chiesedisicilia.org\/chiesedisicilia\/news\/wp-json\/wp\/v2\/posts\/1182"}],"collection":[{"href":"https:\/\/www.chiesedisicilia.org\/chiesedisicilia\/news\/wp-json\/wp\/v2\/posts"}],"about":[{"href":"https:\/\/www.chiesedisicilia.org\/chiesedisicilia\/news\/wp-json\/wp\/v2\/types\/post"}],"author":[{"embeddable":true,"href":"https:\/\/www.chiesedisicilia.org\/chiesedisicilia\/news\/wp-json\/wp\/v2\/users\/1"}],"replies":[{"embeddable":true,"href":"https:\/\/www.chiesedisicilia.org\/chiesedisicilia\/news\/wp-json\/wp\/v2\/comments?post=1182"}],"version-history":[{"count":1,"href":"https:\/\/www.chiesedisicilia.org\/chiesedisicilia\/news\/wp-json\/wp\/v2\/posts\/1182\/revisions"}],"predecessor-version":[{"id":19664,"href":"https:\/\/www.chiesedisicilia.org\/chiesedisicilia\/news\/wp-json\/wp\/v2\/posts\/1182\/revisions\/19664"}],"wp:attachment":[{"href":"https:\/\/www.chiesedisicilia.org\/chiesedisicilia\/news\/wp-json\/wp\/v2\/media?parent=1182"}],"wp:term":[{"taxonomy":"category","embeddable":true,"href":"https:\/\/www.chiesedisicilia.org\/chiesedisicilia\/news\/wp-json\/wp\/v2\/categories?post=1182"},{"taxonomy":"post_tag","embeddable":true,"href":"https:\/\/www.chiesedisicilia.org\/chiesedisicilia\/news\/wp-json\/wp\/v2\/tags?post=1182"},{"taxonomy":"news-destination","embeddable":true,"href":"https:\/\/www.chiesedisicilia.org\/chiesedisicilia\/news\/wp-json\/wp\/v2\/news-destination?post=1182"},{"taxonomy":"news-source","embeddable":true,"href":"https:\/\/www.chiesedisicilia.org\/chiesedisicilia\/news\/wp-json\/wp\/v2\/news-source?post=1182"},{"taxonomy":"is_homepage","embeddable":true,"href":"https:\/\/www.chiesedisicilia.org\/chiesedisicilia\/news\/wp-json\/wp\/v2\/is_homepage?post=1182"},{"taxonomy":"ta_other","embeddable":true,"href":"https:\/\/www.chiesedisicilia.org\/chiesedisicilia\/news\/wp-json\/wp\/v2\/ta_other?post=1182"}],"curies":[{"name":"wp","href":"https:\/\/api.w.org\/{rel}","templated":true}]}}