{"id":1181,"date":"2011-03-01T11:48:00","date_gmt":"2011-03-01T10:48:00","guid":{"rendered":"http:\/\/wptestsite.tecnavia.com\/chiesedisicilia_clientsite\/news\/2011\/03\/01\/agrigento-missioni-cambiare-vita-questione-di-stili\/"},"modified":"2018-11-09T10:55:09","modified_gmt":"2018-01-13T10:55:09","slug":"agrigento-missioni-cambiare-vita-questione-di-stili","status":"publish","type":"post","link":"https:\/\/www.chiesedisicilia.org\/2011\/03\/01\/agrigento-missioni-cambiare-vita-questione-di-stili\/","title":{"rendered":"AGRIGENTO. MISSIONI: &#8220;CAMBIARE VITA? QUESTIONE DI STILI&#8221;"},"content":{"rendered":"<div>Oggi, domenica 13 marzo, nel Seminario vescovile di Agrigento, si svolger\u00e0 il 3\u00b0 incontro del Corso di Formazione missionaria \u201cCambiare vita? Questione di stili\u201d. L\u2019incontro avr\u00e0 inizio alle 16.30 e sar\u00e0 animato dapPadre Adriano Sella, co-fondatore della rete interdiocesana sui \u201cnuovi stili di vita\u201d della Diocesi di Padova. Tema dell\u2019incontro sar\u00e0 \u201cUn nuovo rapporto con le persone\u201d. L\u2019incontro diocesano \u00e8 in collegato ad un appuntamento che si svolger\u00e0 sabato 26 e domenica 27 marzo a Pergusa, dove \u00e8 previsto un week end regionale di formazione missionaria su \u201cI nuovi stili di vita\u201d. Testimone sar\u00e0 Michele Dotti, educatore e formatore, da oltre 18 anni, dell\u2019Associazione Mani Tese. Ha maturato una lunga esperienza di cooperazione internazionale come volontario in vari stati dell\u2019Africa occidentale: Burkina Faso, Benin, Mali, Togo. [01]<\/p>\n<div>\u00a0<\/div>\n<div>\u00a0<\/div>\n<\/div>\n","protected":false},"excerpt":{"rendered":"","protected":false},"author":1,"featured_media":0,"comment_status":"open","ping_status":"open","sticky":false,"template":"","format":"standard","meta":[],"categories":[30],"tags":[],"news-destination":[],"news-source":[],"is_homepage":[],"ta_other":[],"_links":{"self":[{"href":"https:\/\/www.chiesedisicilia.org\/chiesedisicilia\/news\/wp-json\/wp\/v2\/posts\/1181"}],"collection":[{"href":"https:\/\/www.chiesedisicilia.org\/chiesedisicilia\/news\/wp-json\/wp\/v2\/posts"}],"about":[{"href":"https:\/\/www.chiesedisicilia.org\/chiesedisicilia\/news\/wp-json\/wp\/v2\/types\/post"}],"author":[{"embeddable":true,"href":"https:\/\/www.chiesedisicilia.org\/chiesedisicilia\/news\/wp-json\/wp\/v2\/users\/1"}],"replies":[{"embeddable":true,"href":"https:\/\/www.chiesedisicilia.org\/chiesedisicilia\/news\/wp-json\/wp\/v2\/comments?post=1181"}],"version-history":[{"count":1,"href":"https:\/\/www.chiesedisicilia.org\/chiesedisicilia\/news\/wp-json\/wp\/v2\/posts\/1181\/revisions"}],"predecessor-version":[{"id":19663,"href":"https:\/\/www.chiesedisicilia.org\/chiesedisicilia\/news\/wp-json\/wp\/v2\/posts\/1181\/revisions\/19663"}],"wp:attachment":[{"href":"https:\/\/www.chiesedisicilia.org\/chiesedisicilia\/news\/wp-json\/wp\/v2\/media?parent=1181"}],"wp:term":[{"taxonomy":"category","embeddable":true,"href":"https:\/\/www.chiesedisicilia.org\/chiesedisicilia\/news\/wp-json\/wp\/v2\/categories?post=1181"},{"taxonomy":"post_tag","embeddable":true,"href":"https:\/\/www.chiesedisicilia.org\/chiesedisicilia\/news\/wp-json\/wp\/v2\/tags?post=1181"},{"taxonomy":"news-destination","embeddable":true,"href":"https:\/\/www.chiesedisicilia.org\/chiesedisicilia\/news\/wp-json\/wp\/v2\/news-destination?post=1181"},{"taxonomy":"news-source","embeddable":true,"href":"https:\/\/www.chiesedisicilia.org\/chiesedisicilia\/news\/wp-json\/wp\/v2\/news-source?post=1181"},{"taxonomy":"is_homepage","embeddable":true,"href":"https:\/\/www.chiesedisicilia.org\/chiesedisicilia\/news\/wp-json\/wp\/v2\/is_homepage?post=1181"},{"taxonomy":"ta_other","embeddable":true,"href":"https:\/\/www.chiesedisicilia.org\/chiesedisicilia\/news\/wp-json\/wp\/v2\/ta_other?post=1181"}],"curies":[{"name":"wp","href":"https:\/\/api.w.org\/{rel}","templated":true}]}}