{"id":11806,"date":"2020-07-06T09:33:36","date_gmt":"2020-07-06T07:33:36","guid":{"rendered":"https:\/\/euwps02.newsmemory.com\/chiesedisicilia\/?p=11806"},"modified":"2020-07-06T09:33:38","modified_gmt":"2019-09-10T09:33:38","slug":"la-bellezza-di-camminare-insieme-nella-comunione","status":"publish","type":"post","link":"https:\/\/www.chiesedisicilia.org\/2020\/07\/06\/la-bellezza-di-camminare-insieme-nella-comunione\/","title":{"rendered":"&#8220;LA BELLEZZA DI CAMMINARE INSIEME NELLA COMUNIONE&#8221;"},"content":{"rendered":"<p>Si sono svolti ieri 3 luglio, a Castelbuono, gli &#8220;Esercizi di Sinodalit\u00e0&#8221; della Diocesi di Cefal\u00f9.<\/p>\n<p>Poco meno di 200 i delegati in rappresentanza delle parrocchie del territorio, a causa delle disposizioni anticovid, hanno virtualmente abbracciato il vescovo mons. Giuseppe Marciante per riflettere sul tema &#8220;<em>La bellezza del camminare insieme nella comunione!<\/em>&#8220;.<\/p>\n<p><img alt=\"\"LA BELLEZZA DI CAMMINARE INSIEME NELLA COMUNIONE\"\" title=\"\"LA BELLEZZA DI CAMMINARE INSIEME NELLA COMUNIONE\"\" loading=\"lazy\" class=\"size-medium wp-image-11808 alignleft\" src=\"https:\/\/www.chiesedisicilia.org\/chiesedisicilia\/news\/wp-content\/uploads\/sites\/2\/2020\/07\/IMG-20200703-WA0030.jpg\" alt=\"\" width=\"212\" height=\"300\" srcset=\"https:\/\/euwps06.newsmemory.com\/chiesedisicilia\/news\/wp-content\/uploads\/sites\/2\/2020\/07\/IMG-20200703-WA0030.jpg 1131w, https:\/\/euwps06.newsmemory.com\/chiesedisicilia\/news\/wp-content\/uploads\/sites\/2\/2020\/07\/IMG-20200703-WA0030-212x300.jpg 212w, https:\/\/euwps06.newsmemory.com\/chiesedisicilia\/news\/wp-content\/uploads\/sites\/2\/2020\/07\/IMG-20200703-WA0030-768x1086.jpg 768w, https:\/\/euwps06.newsmemory.com\/chiesedisicilia\/news\/wp-content\/uploads\/sites\/2\/2020\/07\/IMG-20200703-WA0030-724x1024.jpg 724w, https:\/\/euwps06.newsmemory.com\/chiesedisicilia\/news\/wp-content\/uploads\/sites\/2\/2020\/07\/IMG-20200703-WA0030-750x1061.jpg 750w\" sizes=\"(max-width: 212px) 100vw, 212px\" \/>A guidare la riflessione don Paolo Asolan, responsabile per la formazione permanente del Clero nella Diocesi di Roma e preside al Pontificio Istituto Pastorale Redemptor Hominis della Pontificia Universit\u00e0 Lateranense.<\/p>\n<p>La giornata rappresenta per la Chiesa cefaludense una nuova tappa nel cammino di rinnovamento della vita cristiana e della stessa Chiesa avviato nel 2018 che la guider\u00e0 gradualmente ad essere sempre pi\u00f9 sinodale e missionaria, una &#8220;Chiesa in uscita&#8221;.<\/p>\n<p>\u201c<em>Un&#8217;occasione per riscoprire la sinodalit\u00e0 come dimensione costitutiva della Chiesa, una chiesa missionaria. Da qui<\/em> \u2013 spiega una <strong>nota stampa della diocesi<\/strong> &#8211; <em>la necessit\u00e0 di discutere insieme, presbiteri e laici, e condividere nuove vie per rendere concreta la sinodalit\u00e0 nelle realt\u00e0 parrocchiali e associative e in cui gli organismi di partecipazione, a tutti i livelli, diventano il cuore per rendere vivo un nuovo stile ecclesiale sinodale<\/em>\u201d.<\/p>\n","protected":false},"excerpt":{"rendered":"","protected":false},"author":4,"featured_media":11807,"comment_status":"closed","ping_status":"closed","sticky":false,"template":"","format":"standard","meta":[],"categories":[30],"tags":[],"news-destination":[],"news-source":[],"is_homepage":[],"ta_other":[],"_links":{"self":[{"href":"https:\/\/www.chiesedisicilia.org\/chiesedisicilia\/news\/wp-json\/wp\/v2\/posts\/11806"}],"collection":[{"href":"https:\/\/www.chiesedisicilia.org\/chiesedisicilia\/news\/wp-json\/wp\/v2\/posts"}],"about":[{"href":"https:\/\/www.chiesedisicilia.org\/chiesedisicilia\/news\/wp-json\/wp\/v2\/types\/post"}],"author":[{"embeddable":true,"href":"https:\/\/www.chiesedisicilia.org\/chiesedisicilia\/news\/wp-json\/wp\/v2\/users\/4"}],"replies":[{"embeddable":true,"href":"https:\/\/www.chiesedisicilia.org\/chiesedisicilia\/news\/wp-json\/wp\/v2\/comments?post=11806"}],"version-history":[{"count":2,"href":"https:\/\/www.chiesedisicilia.org\/chiesedisicilia\/news\/wp-json\/wp\/v2\/posts\/11806\/revisions"}],"predecessor-version":[{"id":24108,"href":"https:\/\/www.chiesedisicilia.org\/chiesedisicilia\/news\/wp-json\/wp\/v2\/posts\/11806\/revisions\/24108"}],"wp:featuredmedia":[{"embeddable":true,"href":"https:\/\/www.chiesedisicilia.org\/chiesedisicilia\/news\/wp-json\/wp\/v2\/media\/11807"}],"wp:attachment":[{"href":"https:\/\/www.chiesedisicilia.org\/chiesedisicilia\/news\/wp-json\/wp\/v2\/media?parent=11806"}],"wp:term":[{"taxonomy":"category","embeddable":true,"href":"https:\/\/www.chiesedisicilia.org\/chiesedisicilia\/news\/wp-json\/wp\/v2\/categories?post=11806"},{"taxonomy":"post_tag","embeddable":true,"href":"https:\/\/www.chiesedisicilia.org\/chiesedisicilia\/news\/wp-json\/wp\/v2\/tags?post=11806"},{"taxonomy":"news-destination","embeddable":true,"href":"https:\/\/www.chiesedisicilia.org\/chiesedisicilia\/news\/wp-json\/wp\/v2\/news-destination?post=11806"},{"taxonomy":"news-source","embeddable":true,"href":"https:\/\/www.chiesedisicilia.org\/chiesedisicilia\/news\/wp-json\/wp\/v2\/news-source?post=11806"},{"taxonomy":"is_homepage","embeddable":true,"href":"https:\/\/www.chiesedisicilia.org\/chiesedisicilia\/news\/wp-json\/wp\/v2\/is_homepage?post=11806"},{"taxonomy":"ta_other","embeddable":true,"href":"https:\/\/www.chiesedisicilia.org\/chiesedisicilia\/news\/wp-json\/wp\/v2\/ta_other?post=11806"}],"curies":[{"name":"wp","href":"https:\/\/api.w.org\/{rel}","templated":true}]}}