{"id":1180,"date":"2011-03-01T11:42:00","date_gmt":"2011-03-01T10:42:00","guid":{"rendered":"http:\/\/wptestsite.tecnavia.com\/chiesedisicilia_clientsite\/news\/2011\/03\/01\/agrigento-diversamente-un-centro-pastorale-caritas\/"},"modified":"2018-11-09T10:55:09","modified_gmt":"2018-01-13T10:55:09","slug":"agrigento-diversamente-un-centro-pastorale-caritas","status":"publish","type":"post","link":"https:\/\/www.chiesedisicilia.org\/2011\/03\/01\/agrigento-diversamente-un-centro-pastorale-caritas\/","title":{"rendered":"AGRIGENTO. &#8220;DIVERSAMENTE&#8221;: UN CENTRO PASTORALE CARITAS"},"content":{"rendered":"<div>La Caritas diocesana di Agrigento e la parrocchia S. Lorenzo,\u00a0che ha sede nel quartiere\u00a0di Monserrato, hanno danno avvio alle attivit\u00e0 del Centro Pastorale per diversamente abili \u201cDiversamente\u201d. Il Centro sar\u00e0 aperto dal luned\u00ec al gioved\u00ec, dalle 15 alle 19. L\u2019inaugurazione del Centro con la presenza del Vescovo \u00e8 prevista per oggi, 20 marzo, alle 17. Il programma della giornata prevede la Messa alle 18 e momenti di animazione e di festa. Sono attualmente aperte le iscrizioni al Centro, gestito da volontari. Non si potr\u00e0 garantire, infatti, la presenza di personale specializzato \u2013 almeno per quest\u2019anno \u2013 per cui le attivit\u00e0 ordinarie saranno destinate a quanti hanno handicap non grave. In ogni caso, ci si potr\u00e0 rivolgere al responsabile del Centro, Tony Corbo, per verificare la sussistenza delle condizioni di opportunit\u00e0 di ammissione chiamando allo 0922.464289 negli orari di apertura o scrivendo a centrodiversamenteag@libero.it. Obiettivo del progetto \u00e8 reinserire in ambito ecclesiale i fratelli con diversa abilit\u00e0 (coinvolgendo le comunit\u00e0 ecclesiali di provenienza), affinch\u00e9 si sentano parte integrante. Sono inoltre aperte le iscrizione per gli operatori volontari. Per informazioni, \u00e8 possibile rivolgersi alla Caritas diocesana di Agrigento. [01]<\/p>\n<div>\u00a0<\/div>\n<\/div>\n","protected":false},"excerpt":{"rendered":"","protected":false},"author":1,"featured_media":0,"comment_status":"open","ping_status":"open","sticky":false,"template":"","format":"standard","meta":[],"categories":[30],"tags":[],"news-destination":[],"news-source":[],"is_homepage":[],"ta_other":[],"_links":{"self":[{"href":"https:\/\/www.chiesedisicilia.org\/chiesedisicilia\/news\/wp-json\/wp\/v2\/posts\/1180"}],"collection":[{"href":"https:\/\/www.chiesedisicilia.org\/chiesedisicilia\/news\/wp-json\/wp\/v2\/posts"}],"about":[{"href":"https:\/\/www.chiesedisicilia.org\/chiesedisicilia\/news\/wp-json\/wp\/v2\/types\/post"}],"author":[{"embeddable":true,"href":"https:\/\/www.chiesedisicilia.org\/chiesedisicilia\/news\/wp-json\/wp\/v2\/users\/1"}],"replies":[{"embeddable":true,"href":"https:\/\/www.chiesedisicilia.org\/chiesedisicilia\/news\/wp-json\/wp\/v2\/comments?post=1180"}],"version-history":[{"count":1,"href":"https:\/\/www.chiesedisicilia.org\/chiesedisicilia\/news\/wp-json\/wp\/v2\/posts\/1180\/revisions"}],"predecessor-version":[{"id":19664,"href":"https:\/\/www.chiesedisicilia.org\/chiesedisicilia\/news\/wp-json\/wp\/v2\/posts\/1180\/revisions\/19664"}],"wp:attachment":[{"href":"https:\/\/www.chiesedisicilia.org\/chiesedisicilia\/news\/wp-json\/wp\/v2\/media?parent=1180"}],"wp:term":[{"taxonomy":"category","embeddable":true,"href":"https:\/\/www.chiesedisicilia.org\/chiesedisicilia\/news\/wp-json\/wp\/v2\/categories?post=1180"},{"taxonomy":"post_tag","embeddable":true,"href":"https:\/\/www.chiesedisicilia.org\/chiesedisicilia\/news\/wp-json\/wp\/v2\/tags?post=1180"},{"taxonomy":"news-destination","embeddable":true,"href":"https:\/\/www.chiesedisicilia.org\/chiesedisicilia\/news\/wp-json\/wp\/v2\/news-destination?post=1180"},{"taxonomy":"news-source","embeddable":true,"href":"https:\/\/www.chiesedisicilia.org\/chiesedisicilia\/news\/wp-json\/wp\/v2\/news-source?post=1180"},{"taxonomy":"is_homepage","embeddable":true,"href":"https:\/\/www.chiesedisicilia.org\/chiesedisicilia\/news\/wp-json\/wp\/v2\/is_homepage?post=1180"},{"taxonomy":"ta_other","embeddable":true,"href":"https:\/\/www.chiesedisicilia.org\/chiesedisicilia\/news\/wp-json\/wp\/v2\/ta_other?post=1180"}],"curies":[{"name":"wp","href":"https:\/\/api.w.org\/{rel}","templated":true}]}}