{"id":11786,"date":"2020-07-02T06:09:18","date_gmt":"2020-07-02T04:09:18","guid":{"rendered":"https:\/\/euwps02.newsmemory.com\/chiesedisicilia\/?p=11786"},"modified":"2020-07-02T07:20:10","modified_gmt":"2019-09-06T07:20:10","slug":"uno-sportello-per-famiglie-ed-imprese-in-sovraindebitamento","status":"publish","type":"post","link":"https:\/\/www.chiesedisicilia.org\/2020\/07\/02\/uno-sportello-per-famiglie-ed-imprese-in-sovraindebitamento\/","title":{"rendered":"UNO SPORTELLO PER FAMIGLIE ED IMPRESE IN SOVRAINDEBITAMENTO"},"content":{"rendered":"<p>&#8220;<em>Non perdiamo il compito di nutrire la speranza accorciando la distanza tra i cittadini in difficolt\u00e0 e le istituzioni facilitando l&#8217;accesso agli strumenti previsti dalle leggi<\/em>&#8220;. Cos\u00ec <strong>il vescovo di Trapani, mons. Pietro Maria Fragnelli<\/strong>, commenta la firma del protocollo d&#8217;intesa che vede impegnati, insieme, dai primi del mese di giugno la Caritas diocesana e l&#8217;Ordine dei dottori commercialisti e degli Esperti contabili di Trapani per risolvere i casi di sovraindebitamento. &#8220;<em>Un problema che in genere riguarda nuclei familiari spinti a indebitarsi spesso a causa di messaggi esterni che inducono ad avere uno stile al di sopra delle proprie possibilit\u00e0 e che hanno difficolt\u00e0 a saper gestire il denaro. Una difficolt\u00e0<\/em> &#8211; spiega una <strong>nota stampa della diocesi<\/strong> &#8211;<em>, che in questo tempo di emergenza covid-19, ha rischiato di essere amplificato per la crisi che sta mettendo a dura prova il tessuto produttivo delle imprese<\/em>&#8220;.<\/p>\n<p>Da qui il bisogno avvertito di dare una mano per sostenere quelle famiglie e quelle imprese che senza una responsabilit\u00e0 diretta si ritrovano in una situazione di sovraindebitamento grazie agli strumenti giuridici messi a disposizione dalla legge 3\/20012.<\/p>\n<p>&#8220;<em>L&#8217;O.D.C.E.C. di Trapani operer\u00e0 attraverso l&#8217;Organismo di composizione della crisi da sovraindebitamento (O.C.C.), costituito ed operante sul territorio dal mese di Luglio 2016\u00a0e la Curia Vescovile attraverso la Caritas diocesana da sempre punto di riferimento per l&#8217;ascolto e la soluzione del disagio di quanti vi si rivolgono. La L. 3\/2012<\/em>\u00a0\u2013 spiega <strong>il presidente dei Commercialisti, Mario Sugameli<\/strong> &#8211; <em>\u00e8 stata voluta dal legislatore per armonizzare la disciplina con il resto dei Paesi Europei su materie che attengono tipicamente alla professionalit\u00e0 dei Dottori commercialisti e l&#8217;Ordine si \u00e8 messo in moto promuovendo la formazione specialistica per affrontare professionalmente tutte le situazioni di disagio economico e finanziario che emergono nella realt\u00e0 territoriale anche alla luce della riforma del Codice della Crisi di Impresa che si estende anche alla crisi del tessuto imprenditoriale<\/em>&#8220;.<\/p>\n<p>In base alla sua missione specifica la Caritas diocesana si \u00e8 attivata per preparare esperti che possano ascoltare riservatamente il racconto della situazioni e aiutare le persone coinvolte garantendo riservatezza, fiducia ed efficacia.<\/p>\n<p>Chi volesse usufruire del servizio pu\u00f2 rivolgersi presso la Caritas diocesana (corso Vittorio Emanuele, 42 &#8211; Trapani) nei giorni di marted\u00ec, mercoled\u00ec e venerd\u00ec alle 9 alle 12 o chiedere un appuntamento con il direttore, il diacono Girolamo Marcantonio, chiamando al numero 0923 432236.<\/p>\n","protected":false},"excerpt":{"rendered":"","protected":false},"author":4,"featured_media":11787,"comment_status":"closed","ping_status":"closed","sticky":false,"template":"","format":"standard","meta":[],"categories":[30],"tags":[920,104],"news-destination":[],"news-source":[],"is_homepage":[],"ta_other":[],"_links":{"self":[{"href":"https:\/\/www.chiesedisicilia.org\/chiesedisicilia\/news\/wp-json\/wp\/v2\/posts\/11786"}],"collection":[{"href":"https:\/\/www.chiesedisicilia.org\/chiesedisicilia\/news\/wp-json\/wp\/v2\/posts"}],"about":[{"href":"https:\/\/www.chiesedisicilia.org\/chiesedisicilia\/news\/wp-json\/wp\/v2\/types\/post"}],"author":[{"embeddable":true,"href":"https:\/\/www.chiesedisicilia.org\/chiesedisicilia\/news\/wp-json\/wp\/v2\/users\/4"}],"replies":[{"embeddable":true,"href":"https:\/\/www.chiesedisicilia.org\/chiesedisicilia\/news\/wp-json\/wp\/v2\/comments?post=11786"}],"version-history":[{"count":1,"href":"https:\/\/www.chiesedisicilia.org\/chiesedisicilia\/news\/wp-json\/wp\/v2\/posts\/11786\/revisions"}],"predecessor-version":[{"id":11788,"href":"https:\/\/www.chiesedisicilia.org\/chiesedisicilia\/news\/wp-json\/wp\/v2\/posts\/11786\/revisions\/11788"}],"wp:featuredmedia":[{"embeddable":true,"href":"https:\/\/www.chiesedisicilia.org\/chiesedisicilia\/news\/wp-json\/wp\/v2\/media\/11787"}],"wp:attachment":[{"href":"https:\/\/www.chiesedisicilia.org\/chiesedisicilia\/news\/wp-json\/wp\/v2\/media?parent=11786"}],"wp:term":[{"taxonomy":"category","embeddable":true,"href":"https:\/\/www.chiesedisicilia.org\/chiesedisicilia\/news\/wp-json\/wp\/v2\/categories?post=11786"},{"taxonomy":"post_tag","embeddable":true,"href":"https:\/\/www.chiesedisicilia.org\/chiesedisicilia\/news\/wp-json\/wp\/v2\/tags?post=11786"},{"taxonomy":"news-destination","embeddable":true,"href":"https:\/\/www.chiesedisicilia.org\/chiesedisicilia\/news\/wp-json\/wp\/v2\/news-destination?post=11786"},{"taxonomy":"news-source","embeddable":true,"href":"https:\/\/www.chiesedisicilia.org\/chiesedisicilia\/news\/wp-json\/wp\/v2\/news-source?post=11786"},{"taxonomy":"is_homepage","embeddable":true,"href":"https:\/\/www.chiesedisicilia.org\/chiesedisicilia\/news\/wp-json\/wp\/v2\/is_homepage?post=11786"},{"taxonomy":"ta_other","embeddable":true,"href":"https:\/\/www.chiesedisicilia.org\/chiesedisicilia\/news\/wp-json\/wp\/v2\/ta_other?post=11786"}],"curies":[{"name":"wp","href":"https:\/\/api.w.org\/{rel}","templated":true}]}}