{"id":11651,"date":"2020-06-01T19:48:53","date_gmt":"2020-06-01T17:48:53","guid":{"rendered":"https:\/\/euwps02.newsmemory.com\/chiesedisicilia\/?p=11651"},"modified":"2020-06-01T19:48:56","modified_gmt":"2019-08-06T19:48:56","slug":"pentecoste-iniziazione-cristiana-per-quattro-ragazzi-dallafrica","status":"publish","type":"post","link":"https:\/\/www.chiesedisicilia.org\/2020\/06\/01\/pentecoste-iniziazione-cristiana-per-quattro-ragazzi-dallafrica\/","title":{"rendered":"PENTECOSTE, INIZIAZIONE CRISTIANA PER QUATTRO RAGAZZI DALL&#8217;AFRICA"},"content":{"rendered":"<p>Nel giorno di Pentecoste, la Diocesi di Mazara del Vallo ha vissuto la gioia dell&#8217;iniziazione cristiana chiesta e ottenuta da quattro ragazzi provenienti dal continente africano.<\/p>\n<p>Nella Cattedrale di Mazara del Vallo, dopo un lungo periodo di preparazione e di attesa, \u00e8 diventato cristiano attraverso i sacramenti, <strong>Soufien Giuseppe Zitoun<\/strong>, 41 anni, nato a Mazara da genitori immigrati tunisini e di religione musulmana.<\/p>\n<p><img alt=\"PENTECOSTE, INIZIAZIONE CRISTIANA PER QUATTRO RAGAZZI DALL'AFRICA\" title=\"PENTECOSTE, INIZIAZIONE CRISTIANA PER QUATTRO RAGAZZI DALL'AFRICA\" loading=\"lazy\" class=\"size-medium wp-image-11653 alignleft\" src=\"https:\/\/www.chiesedisicilia.org\/chiesedisicilia\/news\/wp-content\/uploads\/sites\/2\/2020\/06\/iniziazione_mazara.jpg\" alt=\"\" width=\"300\" height=\"165\" srcset=\"https:\/\/euwps06.newsmemory.com\/chiesedisicilia\/news\/wp-content\/uploads\/sites\/2\/2020\/06\/iniziazione_mazara.jpg 1772w, https:\/\/euwps06.newsmemory.com\/chiesedisicilia\/news\/wp-content\/uploads\/sites\/2\/2020\/06\/iniziazione_mazara-300x165.jpg 300w, https:\/\/euwps06.newsmemory.com\/chiesedisicilia\/news\/wp-content\/uploads\/sites\/2\/2020\/06\/iniziazione_mazara-768x422.jpg 768w, https:\/\/euwps06.newsmemory.com\/chiesedisicilia\/news\/wp-content\/uploads\/sites\/2\/2020\/06\/iniziazione_mazara-1024x562.jpg 1024w, https:\/\/euwps06.newsmemory.com\/chiesedisicilia\/news\/wp-content\/uploads\/sites\/2\/2020\/06\/iniziazione_mazara-750x412.jpg 750w\" sizes=\"(max-width: 300px) 100vw, 300px\" \/>Studi presso la scuola elementare tunisina (in lingua araba e francese) e poi in quella italiana fino alla formazione in ambito della mediazione culturale. \u00c8 stato il primo consigliere comunale aggiunto a Mazara del Vallo ed \u00e8 cresciuto nell&#8217;ambiente cattolico-cristiano, collaborando con la Caritas diocesana per lo sportello immigrati, con le suore francescane, con la Fondazione &#8220;San Vito onlus&#8221;. Poi l&#8217;incontro con Giusi Asaro, il matrimonio al Santuario della Madonna del Paradiso con rito misto. La moglie da l\u00ec a poco si ammala: scopre un tumore allo stato terminale. In ospedale Soufien incontra il cappellano don Antonino Favata: &#8220;Egli \u00e8 stato vicino a me, ai miei suoceri e a Giusi accompagnandola con la preghiera e con la grazia dei sacramenti e prepararla al suo passaggio da questa vita terrena al Paradiso&#8221;. Dopo la morte di Giusi, Soufien inizia a fare il volontario in ospedale col gruppo VOM (Volontari Ospedale Mazara).<\/p>\n<p>A Marsala, invece, hanno ricevuto i sacramenti del battesimo, comunione e cresima <strong>Doris Lucky<\/strong>, <strong>Jean Yamegogo<\/strong> e <strong>Komi Godwin Djika<\/strong>. Questi ultimi due sono scout del gruppo &#8220;Marsala Due&#8221;.<\/p>\n<p>I tre ragazzi \u2013 provenienti dalla Nigeria, Togo e Costa d&#8217;Avorio \u2013 sono stati seguiti dai capi scout Giusy Chirco, Gaia Cammareri, Dino e Mauro Alagna (Jean e Godwin) e dalla catechista Maurizia Maggio (Doris). Storie che si intrecciano tra le vie delle migrazioni: Doris \u00e8 arrivata in Italia in uno dei tanti sbarchi sulle coste siciliane e oggi fa la badante. Anche Jean ha attraversato il Mediterraneo a bordo dei barconi per raggiungere l&#8217;Italia: oggi studia presso l&#8217;Istituto alberghiero della citt\u00e0. Godwin, invece, ha 16 anni e vive a Marsala dal 2018, dopo aver raggiunto il pap\u00e0 che vive in citt\u00e0.<\/p>\n<p>Le due celebrazioni \u2013 a Mazara del Vallo e a Marsala \u2013 sono state presiedute dal Vescovo, monsignor Domenico Mogavero.<\/p>\n","protected":false},"excerpt":{"rendered":"","protected":false},"author":4,"featured_media":11652,"comment_status":"closed","ping_status":"closed","sticky":false,"template":"","format":"standard","meta":[],"categories":[30],"tags":[903,236],"news-destination":[],"news-source":[],"is_homepage":[],"ta_other":[],"_links":{"self":[{"href":"https:\/\/www.chiesedisicilia.org\/chiesedisicilia\/news\/wp-json\/wp\/v2\/posts\/11651"}],"collection":[{"href":"https:\/\/www.chiesedisicilia.org\/chiesedisicilia\/news\/wp-json\/wp\/v2\/posts"}],"about":[{"href":"https:\/\/www.chiesedisicilia.org\/chiesedisicilia\/news\/wp-json\/wp\/v2\/types\/post"}],"author":[{"embeddable":true,"href":"https:\/\/www.chiesedisicilia.org\/chiesedisicilia\/news\/wp-json\/wp\/v2\/users\/4"}],"replies":[{"embeddable":true,"href":"https:\/\/www.chiesedisicilia.org\/chiesedisicilia\/news\/wp-json\/wp\/v2\/comments?post=11651"}],"version-history":[{"count":2,"href":"https:\/\/www.chiesedisicilia.org\/chiesedisicilia\/news\/wp-json\/wp\/v2\/posts\/11651\/revisions"}],"predecessor-version":[{"id":24107,"href":"https:\/\/www.chiesedisicilia.org\/chiesedisicilia\/news\/wp-json\/wp\/v2\/posts\/11651\/revisions\/24107"}],"wp:featuredmedia":[{"embeddable":true,"href":"https:\/\/www.chiesedisicilia.org\/chiesedisicilia\/news\/wp-json\/wp\/v2\/media\/11652"}],"wp:attachment":[{"href":"https:\/\/www.chiesedisicilia.org\/chiesedisicilia\/news\/wp-json\/wp\/v2\/media?parent=11651"}],"wp:term":[{"taxonomy":"category","embeddable":true,"href":"https:\/\/www.chiesedisicilia.org\/chiesedisicilia\/news\/wp-json\/wp\/v2\/categories?post=11651"},{"taxonomy":"post_tag","embeddable":true,"href":"https:\/\/www.chiesedisicilia.org\/chiesedisicilia\/news\/wp-json\/wp\/v2\/tags?post=11651"},{"taxonomy":"news-destination","embeddable":true,"href":"https:\/\/www.chiesedisicilia.org\/chiesedisicilia\/news\/wp-json\/wp\/v2\/news-destination?post=11651"},{"taxonomy":"news-source","embeddable":true,"href":"https:\/\/www.chiesedisicilia.org\/chiesedisicilia\/news\/wp-json\/wp\/v2\/news-source?post=11651"},{"taxonomy":"is_homepage","embeddable":true,"href":"https:\/\/www.chiesedisicilia.org\/chiesedisicilia\/news\/wp-json\/wp\/v2\/is_homepage?post=11651"},{"taxonomy":"ta_other","embeddable":true,"href":"https:\/\/www.chiesedisicilia.org\/chiesedisicilia\/news\/wp-json\/wp\/v2\/ta_other?post=11651"}],"curies":[{"name":"wp","href":"https:\/\/api.w.org\/{rel}","templated":true}]}}