{"id":11645,"date":"2020-06-01T17:24:56","date_gmt":"2020-06-01T15:24:56","guid":{"rendered":"https:\/\/euwps02.newsmemory.com\/chiesedisicilia\/?p=11645"},"modified":"2020-06-01T17:24:59","modified_gmt":"2019-08-06T17:24:59","slug":"verso-i-grest-estivi-percorso-formativo-per-giovani-educatori","status":"publish","type":"post","link":"https:\/\/www.chiesedisicilia.org\/2020\/06\/01\/verso-i-grest-estivi-percorso-formativo-per-giovani-educatori\/","title":{"rendered":"VERSO I GREST ESTIVI: PERCORSO FORMATIVO PER GIOVANI EDUCATORI"},"content":{"rendered":"<p>Si avvicina il tempo dei grest estivi che dovranno per forza avere in una forma tutta nuova e la Diocesi di Cefal\u00f9 ha predisposto un percorso formativo per giovani educatori. Quello pensato \u00e8 un periodo di preparazione e formazione innovativo organizzato dalla Pastorale giovanile vocazionale, dalla Pastorale della Famiglia e quella per l&#8217;Evangelizzazione e la Catechesi.<\/p>\n<p>&#8220;<em>Una &#8216;chiamata per tutti gli animatori&#8217;<\/em> &#8211; spiegano gli organizzatori &#8211;<em>, per coloro che vogliono vivere un&#8217;esperienza e un&#8217;estate diversa nel segno dell&#8217;incontro e della fede<\/em>&#8220;.<\/p>\n<p>La formazione partir\u00e0 dal 15 giugno e sar\u00e0 la prima tappa di un cammino che accompagner\u00e0 i giovanissimi all&#8217;incontro, prima virtuale e poi,\u00a0se l&#8217;andamento della fase emergenziale lo consentir\u00e0, in presenza con i ragazzi e le ragazze di tutta la Diocesi.<\/p>\n<p>Il titolo del percorso \u00e8 &#8220;Occhi in su. Per ogni fine, c&#8217;\u00e8 sempre un nuovo inizio&#8221; e si ispira alla lettera pastorale del vescovo mons. Giuseppe Marciante e alla storia del Piccolo Principe, che guider\u00e0 tappa dopo tappa il cammino del tempo d&#8217;estate per gli educatori e per i ragazzi.<\/p>\n<p>Alla formazione diocesana, che avr\u00e0 inizio con alcuni appuntamenti sul web, si potr\u00e0 partecipare iscrivendosi gratuitamente compilando l&#8217;apposito modulo. A conclusione del percorso verr\u00e0 rilasciata idonea certificazione per l&#8217;eventuale riconoscimento di crediti formativi.<\/p>\n<p>L&#8217;iscrizione \u00e8 possibile fino\u00a0al 13 giugno, tramite email, all&#8217;indirizzo\u00a0<strong>giovanilevocazionale@diocesidicefalu.org<\/strong>.<\/p>\n","protected":false},"excerpt":{"rendered":"","protected":false},"author":4,"featured_media":11646,"comment_status":"closed","ping_status":"closed","sticky":false,"template":"","format":"standard","meta":[],"categories":[30],"tags":[135,900],"news-destination":[],"news-source":[],"is_homepage":[],"ta_other":[],"_links":{"self":[{"href":"https:\/\/www.chiesedisicilia.org\/chiesedisicilia\/news\/wp-json\/wp\/v2\/posts\/11645"}],"collection":[{"href":"https:\/\/www.chiesedisicilia.org\/chiesedisicilia\/news\/wp-json\/wp\/v2\/posts"}],"about":[{"href":"https:\/\/www.chiesedisicilia.org\/chiesedisicilia\/news\/wp-json\/wp\/v2\/types\/post"}],"author":[{"embeddable":true,"href":"https:\/\/www.chiesedisicilia.org\/chiesedisicilia\/news\/wp-json\/wp\/v2\/users\/4"}],"replies":[{"embeddable":true,"href":"https:\/\/www.chiesedisicilia.org\/chiesedisicilia\/news\/wp-json\/wp\/v2\/comments?post=11645"}],"version-history":[{"count":1,"href":"https:\/\/www.chiesedisicilia.org\/chiesedisicilia\/news\/wp-json\/wp\/v2\/posts\/11645\/revisions"}],"predecessor-version":[{"id":11647,"href":"https:\/\/www.chiesedisicilia.org\/chiesedisicilia\/news\/wp-json\/wp\/v2\/posts\/11645\/revisions\/11647"}],"wp:featuredmedia":[{"embeddable":true,"href":"https:\/\/www.chiesedisicilia.org\/chiesedisicilia\/news\/wp-json\/wp\/v2\/media\/11646"}],"wp:attachment":[{"href":"https:\/\/www.chiesedisicilia.org\/chiesedisicilia\/news\/wp-json\/wp\/v2\/media?parent=11645"}],"wp:term":[{"taxonomy":"category","embeddable":true,"href":"https:\/\/www.chiesedisicilia.org\/chiesedisicilia\/news\/wp-json\/wp\/v2\/categories?post=11645"},{"taxonomy":"post_tag","embeddable":true,"href":"https:\/\/www.chiesedisicilia.org\/chiesedisicilia\/news\/wp-json\/wp\/v2\/tags?post=11645"},{"taxonomy":"news-destination","embeddable":true,"href":"https:\/\/www.chiesedisicilia.org\/chiesedisicilia\/news\/wp-json\/wp\/v2\/news-destination?post=11645"},{"taxonomy":"news-source","embeddable":true,"href":"https:\/\/www.chiesedisicilia.org\/chiesedisicilia\/news\/wp-json\/wp\/v2\/news-source?post=11645"},{"taxonomy":"is_homepage","embeddable":true,"href":"https:\/\/www.chiesedisicilia.org\/chiesedisicilia\/news\/wp-json\/wp\/v2\/is_homepage?post=11645"},{"taxonomy":"ta_other","embeddable":true,"href":"https:\/\/www.chiesedisicilia.org\/chiesedisicilia\/news\/wp-json\/wp\/v2\/ta_other?post=11645"}],"curies":[{"name":"wp","href":"https:\/\/api.w.org\/{rel}","templated":true}]}}