{"id":11640,"date":"2020-06-01T11:40:00","date_gmt":"2020-06-01T09:40:00","guid":{"rendered":"https:\/\/euwps02.newsmemory.com\/chiesedisicilia\/?p=11640"},"modified":"2020-06-01T11:40:03","modified_gmt":"2019-08-06T11:40:03","slug":"verso-nuove-forme-di-attivita-estive-impegnative-si-ma-esaltanti-ed-evangeliche","status":"publish","type":"post","link":"https:\/\/www.chiesedisicilia.org\/2020\/06\/01\/verso-nuove-forme-di-attivita-estive-impegnative-si-ma-esaltanti-ed-evangeliche\/","title":{"rendered":"&#8220;VERSO NUOVE FORME DI ATTIVIT\u00c0 ESTIVE, IMPEGNATIVE S\u00cc, MA ESALTANTI ED EVANGELICHE&#8221;"},"content":{"rendered":"<p>Grest ed oratori estivi? \u201c<em>E\u2019 impossibile attuare le stesse esperienze, o meglio nelle medesime modalit\u00e0<\/em>\u201d di sempre, ma non ci si pu\u00f2 n\u00e9 ci si deve arrendere. \u201c<em>Le difficolt\u00e0 non mancano e non mancheranno, ma crediamo che sia giusto riconoscere che questo \u00e8 il momento in cui lo Spirito ci \u2018costringe\u2019 ad approdare verso nuove forme di attivit\u00e0 estive, impegnative s\u00ec, ma esaltanti ed evangeliche<\/em>\u201d.<\/p>\n<p>L&#8217;Ufficio per i Giovani della Conferenza episcopale siciliana plaude alle iniziative gi\u00e0 avviate \u00a0e, al contempo, incoraggia chi non lo avesse ancora fatto, ad avviare progettualit\u00e0 belle e responsabili. Ed esorta: \u201c<em>Non abbiate paura di offrire il vostro \u2018S\u00ec\u2019<\/em>\u201d.<\/p>\n<p>Ecco il testo integrale del documento &#8220;<strong>rESTATE Ragazzi<\/strong>&#8221;\u00a0sulle iniziative estive destinate ai ragazzi che, nella solennit\u00e0 della Pentecoste, l&#8217;equipe di Pastorale giovanile siciliana ha indirizzato ai parroci dell&#8217;Isola e alle loro comunit\u00e0 cristiane, ai responsabili di tutte le associazioni ecclesiali e ai religiosi e alle religiose.<\/p>\n<p>&nbsp;<\/p>\n<p style=\"text-align: center\"><strong>rESTATE Ragazzi<\/strong><\/p>\n<p><em>Carissimi Tutti, la Pace sia con voi.<\/em><\/p>\n<p><em>Da pochi giorni abbiamo ripreso le Celebrazioni Eucaristiche con la presenza del popolo e, se anche abbiamo dovuto affrontare non poche difficolt\u00e0 per attuare quanto previsto dal protocollo d\u2019intesa tra la Conferenza Episcopale Italiana, il Governo ed il Comitato tecnico-scientifico, il desiderio di ritrovare quel minimo di normalit\u00e0, dopo due mesi di contatto virtuale, ci ha permesso,in grande maggioranza, di giungere preparati all\u2019appuntamento del 18 maggio.<\/em><\/p>\n<p><em>Ora che le Celebrazioni Eucaristiche stanno, pian piano, entrando nel ritmo quotidiano, ed i meccanismi sono ormai rodati, un&#8217;altra sfida si pone sul nostro orizzonte: sta arrivando l\u2019estate e, con la bella stagione e la fine delle scuole, il bisogno dei nostri bambini, ragazzi ed adolescenti di recuperare quella vita \u201cnormale\u201d, che per oltre due mesi gli \u00e8 venuta a mancare, \u00e8 impellente. A questo bisogno si unisce anche quello delle famiglie, in modo particolare degli adulti che, riprendendo a lavorare e non potendo godere di ferie, dovranno lasciare i propri figli in contesti sicuri.<\/em><\/p>\n<p><em>Negli anni passati i nostri oratori hanno saputo mirabilmente intercettare questo bisogno realizzando diverse esperienze estive che, seppur con denominazioni diverse, avevano al centro della loro attivit\u00e0 il desiderio d\u2019innescare seri processi educativi.<\/em><\/p>\n<p><em>Quest\u2019anno, per\u00f2, per la situazione epidemiologica ben nota, \u00e8 impossibile attuare le stesse esperienze, o meglio nelle medesime modalit\u00e0. Il documento della Presidenza del Consiglio dei Ministri<\/em> Linee guida per la gestione in sicurezza di opportunit\u00e0 organizzate di socialit\u00e0 e gioco per bambini ed adolescenti nella fase 2 dell\u2019emergenza COVID-19 <em>e il documento\u00a0<\/em>Aperti per Ferie<em> del Servizio nazionale della Pastorale Giovanile tracciano una strada possibile da percorrere, in attesa anche che la Regione Sicilia si esprima in tal senso.<\/em><\/p>\n<p><em>Certamente le difficolt\u00e0 non mancano e non mancheranno, ma crediamo che sia giusto riconoscere che questo \u00e8 il momento in cui lo Spirito ci \u201ccostringe\u201d (cf. At 20,22) ad approdare verso nuove forme di attivit\u00e0 estive, impegnative s\u00ec, ma esaltanti ed evangeliche.<\/em><\/p>\n<p><em>Diamo vita a dei \u201csegni\u201d concreti; tutto sia vissuto in piccoli gruppi e nel rispetto delle regole, ma permettiamo ai ragazzi di conoscere la bellezza e la responsabilit\u00e0 della custodia reciproca, nonch\u00e9 della custodia del creato. Sogniamo allora, e non utopicamente, di stringere nuove alleanze tra Comunit\u00e0 parrocchiali, tra movimenti, tra consacrati, tra laici, tra Associazioni e tra Istituzioni,affinch\u00e9 siano messi al centro i bisogni dei pi\u00f9 \u201cpiccoli\u201d.<\/em><\/p>\n<p><em>Con questa lettera desideriamo esprimervi il nostro plauso per le iniziative gi\u00e0 avviate e al contempo, chi non l\u2019avesse fatto, v\u2019incoraggiamo ad avviare progettualit\u00e0 belle e responsabili.<\/em><\/p>\n<p><em>Qualora vi siano dei dubbi o delle perplessit\u00e0 rivolgetevi ai rispettivi Servizi diocesani della Pastorale dei Giovani che mantengono continuamente i contatti con il Servizio regionale e stanno studiando le modalit\u00e0 attuative pi\u00f9 opportune e pi\u00f9 congrue per le attivit\u00e0 estive.<\/em><\/p>\n<p><em>Parafrasando San Bernardo nel suo commento all\u2019Annunciazione, pensate che i ragazzi e le famiglie dei vostri territori siano col fiato sospeso, perch\u00e9 attendono in silenzio una vostra risposta; il vostro \u201cEccomi\u201d trasformer\u00e0 allora la Parola in Carne, il sogno in realt\u00e0, il desiderio in storia di salvezza.<\/em><\/p>\n<p><em>Non abbiate paura di offrire il vostro \u201cS\u00ec\u201d confidente, come ha fatto la Vergine Madre, perch\u00e9 possiate essere segno di consolazione e di speranza per i giovani.<\/em><\/p>\n<p><em>Vi benediciamo con paterno affetto.<\/em><\/p>\n<p>&nbsp;<\/p>\n<p>&nbsp;<\/p>\n","protected":false},"excerpt":{"rendered":"","protected":false},"author":4,"featured_media":11322,"comment_status":"closed","ping_status":"closed","sticky":false,"template":"","format":"standard","meta":[],"categories":[7],"tags":[898,897,163],"news-destination":[],"news-source":[],"is_homepage":[],"ta_other":[],"_links":{"self":[{"href":"https:\/\/www.chiesedisicilia.org\/chiesedisicilia\/news\/wp-json\/wp\/v2\/posts\/11640"}],"collection":[{"href":"https:\/\/www.chiesedisicilia.org\/chiesedisicilia\/news\/wp-json\/wp\/v2\/posts"}],"about":[{"href":"https:\/\/www.chiesedisicilia.org\/chiesedisicilia\/news\/wp-json\/wp\/v2\/types\/post"}],"author":[{"embeddable":true,"href":"https:\/\/www.chiesedisicilia.org\/chiesedisicilia\/news\/wp-json\/wp\/v2\/users\/4"}],"replies":[{"embeddable":true,"href":"https:\/\/www.chiesedisicilia.org\/chiesedisicilia\/news\/wp-json\/wp\/v2\/comments?post=11640"}],"version-history":[{"count":1,"href":"https:\/\/www.chiesedisicilia.org\/chiesedisicilia\/news\/wp-json\/wp\/v2\/posts\/11640\/revisions"}],"predecessor-version":[{"id":11641,"href":"https:\/\/www.chiesedisicilia.org\/chiesedisicilia\/news\/wp-json\/wp\/v2\/posts\/11640\/revisions\/11641"}],"wp:featuredmedia":[{"embeddable":true,"href":"https:\/\/www.chiesedisicilia.org\/chiesedisicilia\/news\/wp-json\/wp\/v2\/media\/11322"}],"wp:attachment":[{"href":"https:\/\/www.chiesedisicilia.org\/chiesedisicilia\/news\/wp-json\/wp\/v2\/media?parent=11640"}],"wp:term":[{"taxonomy":"category","embeddable":true,"href":"https:\/\/www.chiesedisicilia.org\/chiesedisicilia\/news\/wp-json\/wp\/v2\/categories?post=11640"},{"taxonomy":"post_tag","embeddable":true,"href":"https:\/\/www.chiesedisicilia.org\/chiesedisicilia\/news\/wp-json\/wp\/v2\/tags?post=11640"},{"taxonomy":"news-destination","embeddable":true,"href":"https:\/\/www.chiesedisicilia.org\/chiesedisicilia\/news\/wp-json\/wp\/v2\/news-destination?post=11640"},{"taxonomy":"news-source","embeddable":true,"href":"https:\/\/www.chiesedisicilia.org\/chiesedisicilia\/news\/wp-json\/wp\/v2\/news-source?post=11640"},{"taxonomy":"is_homepage","embeddable":true,"href":"https:\/\/www.chiesedisicilia.org\/chiesedisicilia\/news\/wp-json\/wp\/v2\/is_homepage?post=11640"},{"taxonomy":"ta_other","embeddable":true,"href":"https:\/\/www.chiesedisicilia.org\/chiesedisicilia\/news\/wp-json\/wp\/v2\/ta_other?post=11640"}],"curies":[{"name":"wp","href":"https:\/\/api.w.org\/{rel}","templated":true}]}}