{"id":11635,"date":"2020-06-01T10:18:42","date_gmt":"2020-06-01T08:18:42","guid":{"rendered":"https:\/\/euwps02.newsmemory.com\/chiesedisicilia\/?p=11635"},"modified":"2020-06-01T10:18:45","modified_gmt":"2019-08-06T10:18:45","slug":"pentecoste-veglia-con-le-aggregazioni-laicali","status":"publish","type":"post","link":"https:\/\/www.chiesedisicilia.org\/2020\/06\/01\/pentecoste-veglia-con-le-aggregazioni-laicali\/","title":{"rendered":"PENTECOSTE: VEGLIA CON LE AGGREGAZIONI LAICALI"},"content":{"rendered":"<p>E&#8217; con la Consulta diocesana delle Aggregazioni laicali che mons. Salvatore Gristina, arcivescovo di Catania, ha celebrato la veglia di Pentecoste.<\/p>\n<p>In Cattedrale, ogni associazione o movimento o comunit\u00e0 che aderisce liberamente alla Consulta diocesana era presente con una piccola delegazione, secondo le normative relative al contrasto e contenimento del Covid-19 e secondo precise indicazione del parroco.<\/p>\n<p>Ad aprire la celebrazione il <strong>delegato per la Consulta, don Antonio De Maria<\/strong>.\u00a0&#8220;<em>Quella comunione che in Cristo si \u00e8 compiuta tra l\u2019umano e Dio Trinit\u00e0 agapica<\/em> \u2013 ha detto &#8211; <em>diventa esperienza generativa della Chiesa per opera dello Spirito Santo. Per questo \u00e8 nello Spirito che possiamo dire &#8211; ha proseguito, riprendendo il tema della giornata &#8211; che noi siamo il popolo sacerdotale, la nazione santa, primizia dell\u2019umanit\u00e0 redenta dal Risorto. Questa consapevolezza, questo noi, non nasce dallo sforzo dell\u2019uomo ma \u00e8 dono dello Spirito: in lui siamo nati dentro questo noi che ci costituisce: per questo, questo Noi ci precede e svela il senso della nostra appartenenza a Cristo<\/em>&#8220;.<\/p>\n<p>Per padre Antonio, &#8220;<em>Lo Spirito \u00e8 l\u2019armonia che genera la Chiesa del Risorto come un\u2019armonia la cui unit\u00e0 \u00e8 data dalla polifonia di voci concordanti nella loro diversit\u00e0 e nei loro specifici doni: cos\u00ec<\/em>\u00a0&#8211; ha proseguito &#8211; <em>ogni aggregazione \u00e8 frutto di questo Spirito, in quanto lo Spirito stesso la genera dentro questa unit\u00e0 armonica. Si tratta di prenderne sempre pi\u00f9 consapevolezza, riconoscendosi dentro quel Noi che ci fa essere e che siamo<\/em>&#8220;.<\/p>\n<p>Facendo riferimento al 50\u00b0 di sacerdozio dell\u2019arcivescovo celebrato da poco e al suo desiderio che si lavori per le vocazioni sacerdotali, il delegato per le Aggregazioni laicali dell&#8217;arcidiocesi di Catania ha evidenziato che\u00a0&#8220;<em>una vera pastorale vocazionale<\/em>\u00a0<em>nasce dentro una comunit\u00e0 viva, nella quale la gioia della fede diventa fraternit\u00e0. Questa fraternit\u00e0, a sua volta, diventa ambito educativo alla personalit\u00e0 cristiana e luogo di discernimento delle diverse chiamate del Signore. Pu\u00f2 capitare di confondere un proprio pio desiderio con la convinzione di una chiamata del Signore al sacerdozio o alla vita consacrata: mentre una comunit\u00e0 viva \u00e8 capace di discernere i segni di Dio e a sostenere la fragilit\u00e0 della risposta del chiamato o della chiamata. Essi sono innanzitutto figli e frutto di questa comunit\u00e0 dove il Signore fa la sua pesca<\/em>&#8220;.<\/p>\n<p>L\u2019arcivescovo ha ripercorso le letture proclamate come il definirsi di una scelta progettuale che non pu\u00f2 nascere solo dall\u2019impegno dell\u2019uomo ma che nasce e si compie nell\u2019opera dello Spirito che fa della Chiesa il sacramento della salvezza e una Pentecoste vivente. Ha esortato il laicato a discernere i segni di questo tempo e a lasciarsi investire dalla creativit\u00e0 dello Spirito, per un rinnovamento della testimonianza e dell\u2019impegno ecclesiale nel mondo.<\/p>\n<p>La segretaria della Consulta, la professoressa Febronia Lamicela, ha rinnovato il ringraziamento all\u2019arcivescovo e ha auspicato che l\u2019impegno della Consulta che, pur nelle ristrettezze non si \u00e8 mai fermato, possa continuare.<\/p>\n<p>A nome della Consulta ha poi offerto un piccolo dono all\u2019arcivescovo per il suo 50\u00b0 e sottolineato l\u2019impegno della Consulta a sostenere la Caritas diocesana: il dono economico che permetter\u00e0 di aiutare molte famiglie che si rivolgono ai suoi servizi.<\/p>\n","protected":false},"excerpt":{"rendered":"","protected":false},"author":4,"featured_media":11636,"comment_status":"closed","ping_status":"closed","sticky":false,"template":"","format":"standard","meta":[],"categories":[30],"tags":[88,895,896],"news-destination":[],"news-source":[],"is_homepage":[],"ta_other":[],"_links":{"self":[{"href":"https:\/\/www.chiesedisicilia.org\/chiesedisicilia\/news\/wp-json\/wp\/v2\/posts\/11635"}],"collection":[{"href":"https:\/\/www.chiesedisicilia.org\/chiesedisicilia\/news\/wp-json\/wp\/v2\/posts"}],"about":[{"href":"https:\/\/www.chiesedisicilia.org\/chiesedisicilia\/news\/wp-json\/wp\/v2\/types\/post"}],"author":[{"embeddable":true,"href":"https:\/\/www.chiesedisicilia.org\/chiesedisicilia\/news\/wp-json\/wp\/v2\/users\/4"}],"replies":[{"embeddable":true,"href":"https:\/\/www.chiesedisicilia.org\/chiesedisicilia\/news\/wp-json\/wp\/v2\/comments?post=11635"}],"version-history":[{"count":1,"href":"https:\/\/www.chiesedisicilia.org\/chiesedisicilia\/news\/wp-json\/wp\/v2\/posts\/11635\/revisions"}],"predecessor-version":[{"id":11637,"href":"https:\/\/www.chiesedisicilia.org\/chiesedisicilia\/news\/wp-json\/wp\/v2\/posts\/11635\/revisions\/11637"}],"wp:featuredmedia":[{"embeddable":true,"href":"https:\/\/www.chiesedisicilia.org\/chiesedisicilia\/news\/wp-json\/wp\/v2\/media\/11636"}],"wp:attachment":[{"href":"https:\/\/www.chiesedisicilia.org\/chiesedisicilia\/news\/wp-json\/wp\/v2\/media?parent=11635"}],"wp:term":[{"taxonomy":"category","embeddable":true,"href":"https:\/\/www.chiesedisicilia.org\/chiesedisicilia\/news\/wp-json\/wp\/v2\/categories?post=11635"},{"taxonomy":"post_tag","embeddable":true,"href":"https:\/\/www.chiesedisicilia.org\/chiesedisicilia\/news\/wp-json\/wp\/v2\/tags?post=11635"},{"taxonomy":"news-destination","embeddable":true,"href":"https:\/\/www.chiesedisicilia.org\/chiesedisicilia\/news\/wp-json\/wp\/v2\/news-destination?post=11635"},{"taxonomy":"news-source","embeddable":true,"href":"https:\/\/www.chiesedisicilia.org\/chiesedisicilia\/news\/wp-json\/wp\/v2\/news-source?post=11635"},{"taxonomy":"is_homepage","embeddable":true,"href":"https:\/\/www.chiesedisicilia.org\/chiesedisicilia\/news\/wp-json\/wp\/v2\/is_homepage?post=11635"},{"taxonomy":"ta_other","embeddable":true,"href":"https:\/\/www.chiesedisicilia.org\/chiesedisicilia\/news\/wp-json\/wp\/v2\/ta_other?post=11635"}],"curies":[{"name":"wp","href":"https:\/\/api.w.org\/{rel}","templated":true}]}}