{"id":11618,"date":"2020-05-25T08:08:46","date_gmt":"2020-05-25T06:08:46","guid":{"rendered":"https:\/\/euwps02.newsmemory.com\/chiesedisicilia\/?p=11618"},"modified":"2020-05-25T17:39:55","modified_gmt":"2019-07-30T17:39:55","slug":"si-celebra-la-messa-crismale","status":"publish","type":"post","link":"https:\/\/www.chiesedisicilia.org\/2020\/05\/25\/si-celebra-la-messa-crismale\/","title":{"rendered":"SI CELEBRA LA MESSA CRISMALE"},"content":{"rendered":"<p>\u201c<em>Per la nostra amata Chiesa palermitana la Messa crismale rappresenta il suo massimo evento epifanico<\/em>. <em>La Messa crismale manifesta e \u2018rappresenta\u2019 la comunione della Chiesa e l\u2019unit\u00e0 dei presbiteri con il proprio vescovo.\u00a0Essa esprime anche la festa del sacerdozio ministeriale ed \u00e8 motivo di particolare rendimento di grazie per i presbiteri che insieme celebrano il ricordo della loro ordinazione<\/em>\u201d.\u00a0 Lo scrive l\u2019<strong>arcivescovo di Palermo, mons. Corrado Lorefice<\/strong>, in una lettera indirizzata all\u2019arcidiocesi con la quale annuncia che la Messa crismale sar\u00e0 celebrata, seppur con la limitazione del numero massimo di 200 persone, il 30 maggio, alle 9.30, in cattedrale.<\/p>\n<p>La celebrazione, solitamente inserita tra quelle della Settimana Santa, non era stata celebrata per le disposizioni riguardanti il Covid-19, che di fato impedivano le funzioni religiose con la partecipazione dell&#8217;assemblea.<\/p>\n<p>\u201c<em>Dovendo pertanto limitare la partecipazione <\/em>&#8211; si legge nel documento &#8211;<em>, abbiamo adottato il criterio della rappresentanza dell\u2019intero popolo di Dio nella sua multiforme e variegata ricchezza di ministeri e carismi<\/em>\u201d. In particolare, vi parteciperanno, oltre ai vicari: i membri del Consiglio presbiterale e del Consiglio pastorale diocesano, del Collegio dei consultori, del Capitolo metropolitano e palatino, assieme ai parroci coordinatori, ai presbiteri che celebrano il giubileo sacerdotale. E ancora: una rappresentanza del giovane clero, dei diaconi, della vita consacrata, dei seminaristi, delle aggregazioni laicali e delle confraternite, dei giovani dei sei vicariati e delle persone disabili.<\/p>\n<p>L\u2019arcivescovo si dice \u201c<em>consapevole<\/em>\u201d che \u201c<em>l\u2019impossibilit\u00e0 di partecipare coralmente potr\u00e0 essere causa di spirituale sofferenza, ma a tutti, comunque, sar\u00e0 data la possibilit\u00e0 di seguire la celebrazione attraverso la diretta streaming e televisiva<\/em>\u201d. Infine, un auspicio: \u201c<em>La fragranza del Crisma, profumato con l\u2019essenza degli agrumi della nostra isola, dia continuit\u00e0 al profumo di zagara che ha \u2018trasfigurato\u2019 il nostro sguardo e le nostre relazioni in questa Pasqua cos\u00ec particolare a causa della pandemia<\/em>\u201d.<\/p>\n","protected":false},"excerpt":{"rendered":"","protected":false},"author":4,"featured_media":7855,"comment_status":"closed","ping_status":"closed","sticky":false,"template":"","format":"standard","meta":[],"categories":[30],"tags":[887,886,93],"news-destination":[],"news-source":[],"is_homepage":[],"ta_other":[],"_links":{"self":[{"href":"https:\/\/www.chiesedisicilia.org\/chiesedisicilia\/news\/wp-json\/wp\/v2\/posts\/11618"}],"collection":[{"href":"https:\/\/www.chiesedisicilia.org\/chiesedisicilia\/news\/wp-json\/wp\/v2\/posts"}],"about":[{"href":"https:\/\/www.chiesedisicilia.org\/chiesedisicilia\/news\/wp-json\/wp\/v2\/types\/post"}],"author":[{"embeddable":true,"href":"https:\/\/www.chiesedisicilia.org\/chiesedisicilia\/news\/wp-json\/wp\/v2\/users\/4"}],"replies":[{"embeddable":true,"href":"https:\/\/www.chiesedisicilia.org\/chiesedisicilia\/news\/wp-json\/wp\/v2\/comments?post=11618"}],"version-history":[{"count":1,"href":"https:\/\/www.chiesedisicilia.org\/chiesedisicilia\/news\/wp-json\/wp\/v2\/posts\/11618\/revisions"}],"predecessor-version":[{"id":11619,"href":"https:\/\/www.chiesedisicilia.org\/chiesedisicilia\/news\/wp-json\/wp\/v2\/posts\/11618\/revisions\/11619"}],"wp:featuredmedia":[{"embeddable":true,"href":"https:\/\/www.chiesedisicilia.org\/chiesedisicilia\/news\/wp-json\/wp\/v2\/media\/7855"}],"wp:attachment":[{"href":"https:\/\/www.chiesedisicilia.org\/chiesedisicilia\/news\/wp-json\/wp\/v2\/media?parent=11618"}],"wp:term":[{"taxonomy":"category","embeddable":true,"href":"https:\/\/www.chiesedisicilia.org\/chiesedisicilia\/news\/wp-json\/wp\/v2\/categories?post=11618"},{"taxonomy":"post_tag","embeddable":true,"href":"https:\/\/www.chiesedisicilia.org\/chiesedisicilia\/news\/wp-json\/wp\/v2\/tags?post=11618"},{"taxonomy":"news-destination","embeddable":true,"href":"https:\/\/www.chiesedisicilia.org\/chiesedisicilia\/news\/wp-json\/wp\/v2\/news-destination?post=11618"},{"taxonomy":"news-source","embeddable":true,"href":"https:\/\/www.chiesedisicilia.org\/chiesedisicilia\/news\/wp-json\/wp\/v2\/news-source?post=11618"},{"taxonomy":"is_homepage","embeddable":true,"href":"https:\/\/www.chiesedisicilia.org\/chiesedisicilia\/news\/wp-json\/wp\/v2\/is_homepage?post=11618"},{"taxonomy":"ta_other","embeddable":true,"href":"https:\/\/www.chiesedisicilia.org\/chiesedisicilia\/news\/wp-json\/wp\/v2\/ta_other?post=11618"}],"curies":[{"name":"wp","href":"https:\/\/api.w.org\/{rel}","templated":true}]}}