{"id":1150,"date":"2018-06-29T09:44:00","date_gmt":"2018-06-29T07:44:00","guid":{"rendered":"http:\/\/wptestsite.tecnavia.com\/chiesedisicilia_clientsite\/news\/2018\/06\/29\/acireale-creati-per-la-felicita-chiamati-alla-santita\/"},"modified":"2018-11-09T10:52:58","modified_gmt":"2018-01-13T10:52:58","slug":"acireale-creati-per-la-felicita-chiamati-alla-santita","status":"publish","type":"post","link":"https:\/\/www.chiesedisicilia.org\/2018\/06\/29\/acireale-creati-per-la-felicita-chiamati-alla-santita\/","title":{"rendered":"ACIREALE. \u201cCREATI PER LA FELICIT\u00c0, CHIAMATI ALLA SANTITA'&#8221;"},"content":{"rendered":"<div><span style=\"font-size: medium;\"><span style=\"font-family: \"Times New Roman\";\"><span style=\"color: rgb(34, 34, 34);\">\u201cCreati per la felicit\u00e0, chiamati alla <\/span><span style=\"color: rgb(34, 34, 34);\">&#8216;<\/span><span style=\"color: rgb(34, 34, 34);\">Santit\u00e0<\/span><span style=\"color: rgb(34, 34, 34);\">&#8216;<\/span><span style=\"color: rgb(34, 34, 34);\"> possiamo e vogliamo costruire un mondo fraterno nella civilt\u00e0 dell\u2019amore\u201d: questo\u00a0 il tema che <\/span><span style=\"color: rgb(34, 34, 34);\">mercoled\u00ec <\/span><span style=\"color: rgb(34, 34, 34);\">4 e <\/span><span style=\"color: rgb(34, 34, 34);\">gioved\u00ec<\/span><span style=\"color: rgb(34, 34, 34);\"> 5 luglio<\/span><span style=\"color: rgb(34, 34, 34);\"> 2018<\/span><span style=\"color: rgb(34, 34, 34);\"> sar\u00e0 trattato nella parrocchia Santa Maria degli Angeli<\/span><span style=\"color: rgb(34, 34, 34);\">, ad<\/span><span style=\"color: rgb(34, 34, 34);\"> Acireale, guidata da don Calogero Frisenda<\/span><span style=\"color: rgb(34, 34, 34);\">. <\/span><span style=\"color: rgb(34, 34, 34);\">\u201cFacciamo nostra l\u2019esortazione di Papa Francesco<\/span><span style=\"color: rgb(34, 34, 34);\"> &#8211; dice il parroco &#8211;<\/span><span style=\"color: rgb(34, 34, 34);\"> che invita alla bellezza di scoprire di essere figli di Dio e di seguire la via delle beatitudini. E la gioia, ogni giorno, di costruire, ciascuno\u00a0 con il proprio operato fatto anche di piccole azioni, la civilt\u00e0 dell\u2019amore, percorrendo\u00a0 la strada per la santit\u00e0 anche in comunit\u00e0, come faremo in questi due giorni\u201d.<\/span><\/span><\/span><span style=\"font-size:12.0pt;font-family:\"Times New Roman\",\"serif\";\nmso-fareast-font-family:Calibri;color:#222222\"><o:p><\/o:p><\/span><\/div>\n<div><span style=\"font-size: medium;\"><span style=\"font-family: \"Times New Roman\";\"><span style=\"color: rgb(34, 34, 34);\">G<\/span><span style=\"color: rgb(34, 34, 34);\">li incontri<\/span><span style=\"color: rgb(34, 34, 34);\">,<\/span><span style=\"color: rgb(34, 34, 34);\"> aperti a tutti, <\/span><span style=\"color: rgb(34, 34, 34);\">si svolgeranno a partire dalle ore 18, secondo il seguente programma<\/span><span style=\"color: rgb(34, 34, 34);\">:<\/span><\/span><\/span><span style=\"font-size:12.0pt;\nfont-family:\"Times New Roman\",\"serif\";mso-fareast-font-family:Calibri;\ncolor:#222222\"><o:p><\/o:p><\/span><\/div>\n<div><span style=\"font-size: medium;\"><span style=\"font-family: \"Times New Roman\";\"><span style=\"color: rgb(34, 34, 34);\">&#8211; <\/span><span style=\"color: rgb(34, 34, 34);\">mercoled\u00ec 4<\/span><span style=\"color: rgb(34, 34, 34);\"> luglio: <\/span><span style=\"color: rgb(34, 34, 34);\">Teresa Scaravilli presenter\u00e0 il tema alla luce dei documenti del Concilio Vaticano II e dell\u2019ultima Esortazione <\/span><span style=\"color: rgb(34, 34, 34);\">a<\/span><span style=\"color: rgb(34, 34, 34);\">postolica \u201cGaudete et exultate\u201d di <\/span><span style=\"color: rgb(34, 34, 34);\">P<\/span><span style=\"color: rgb(34, 34, 34);\">apa Francesco;<\/span><\/span><\/span><span style=\"font-size:12.0pt;font-family:\"Times New Roman\",\"serif\";\nmso-fareast-font-family:Calibri;color:#222222\"><o:p><\/o:p><\/span><\/div>\n<div><span style=\"font-size: medium;\"><span style=\"font-family: \"Times New Roman\";\"><span style=\"color: rgb(34, 34, 34);\">&#8211;<\/span><span style=\"color: rgb(34, 34, 34);\"> gioved\u00ec 5<\/span><span style=\"color: rgb(34, 34, 34);\"> luglio:<\/span><span style=\"color: rgb(34, 34, 34);\"> <\/span><span style=\"color: rgb(34, 34, 34);\">i<\/span><span style=\"color: rgb(34, 34, 34);\">l professor Gregorio Monaco illustrer\u00e0 il carisma e la spiritualit\u00e0 di san Felice da Nicosia, modello di santit\u00e0 per i giorni nostri<\/span><span style=\"color: rgb(34, 34, 34);\">.<\/span><span style=\"color: rgb(34, 34, 34);\"> \u201cLa scelta di presentare questo Santo, che \u00e8 stato presente anche ad Acireale nel convento dei Cappuccini<\/span><span style=\"color: rgb(34, 34, 34);\"> &#8211; spiega &#8211;<\/span><span style=\"color: rgb(34, 34, 34);\">, \u00e8 legata alla sua grande umilt\u00e0, che si manifestava in ogni suo atto e nell\u2019amore verso Dio e verso i fratelli. E, proprio, come insegna papa Francesco, noi abbiamo bisogno di umilt\u00e0 e san Felice, ne fu maestro\u201d<\/span><span style=\"color: rgb(34, 34, 34);\">.<\/span><\/span><\/span><span style=\"font-size:12.0pt;font-family:\"Times New Roman\",\"serif\";mso-fareast-font-family:\nCalibri;color:#222222\"><o:p><\/o:p><\/span><\/div>\n<div><span style=\"font-size: medium;\"><span style=\"font-family: \"Times New Roman\";\"><span style=\"color: rgb(34, 34, 34);\">Nell\u2019ambito dell\u2019iniziativa, sono previsti laboratori di confronto e condivisioni sui contenuti di studio e di riflessione per una crescita spirituale personale e comunitaria. <\/span><span style=\"color: rgb(34, 34, 34);\">[01]<\/span><\/span><\/span><span style=\"font-size:12.0pt;font-family:\"Times New Roman\",\"serif\";mso-fareast-font-family:\nCalibri;color:#222222\"><o:p><\/o:p><\/span><\/div>\n","protected":false},"excerpt":{"rendered":"","protected":false},"author":1,"featured_media":0,"comment_status":"open","ping_status":"open","sticky":false,"template":"","format":"standard","meta":[],"categories":[30],"tags":[],"news-destination":[],"news-source":[],"is_homepage":[],"ta_other":[],"_links":{"self":[{"href":"https:\/\/www.chiesedisicilia.org\/chiesedisicilia\/news\/wp-json\/wp\/v2\/posts\/1150"}],"collection":[{"href":"https:\/\/www.chiesedisicilia.org\/chiesedisicilia\/news\/wp-json\/wp\/v2\/posts"}],"about":[{"href":"https:\/\/www.chiesedisicilia.org\/chiesedisicilia\/news\/wp-json\/wp\/v2\/types\/post"}],"author":[{"embeddable":true,"href":"https:\/\/www.chiesedisicilia.org\/chiesedisicilia\/news\/wp-json\/wp\/v2\/users\/1"}],"replies":[{"embeddable":true,"href":"https:\/\/www.chiesedisicilia.org\/chiesedisicilia\/news\/wp-json\/wp\/v2\/comments?post=1150"}],"version-history":[{"count":1,"href":"https:\/\/www.chiesedisicilia.org\/chiesedisicilia\/news\/wp-json\/wp\/v2\/posts\/1150\/revisions"}],"predecessor-version":[{"id":19635,"href":"https:\/\/www.chiesedisicilia.org\/chiesedisicilia\/news\/wp-json\/wp\/v2\/posts\/1150\/revisions\/19635"}],"wp:attachment":[{"href":"https:\/\/www.chiesedisicilia.org\/chiesedisicilia\/news\/wp-json\/wp\/v2\/media?parent=1150"}],"wp:term":[{"taxonomy":"category","embeddable":true,"href":"https:\/\/www.chiesedisicilia.org\/chiesedisicilia\/news\/wp-json\/wp\/v2\/categories?post=1150"},{"taxonomy":"post_tag","embeddable":true,"href":"https:\/\/www.chiesedisicilia.org\/chiesedisicilia\/news\/wp-json\/wp\/v2\/tags?post=1150"},{"taxonomy":"news-destination","embeddable":true,"href":"https:\/\/www.chiesedisicilia.org\/chiesedisicilia\/news\/wp-json\/wp\/v2\/news-destination?post=1150"},{"taxonomy":"news-source","embeddable":true,"href":"https:\/\/www.chiesedisicilia.org\/chiesedisicilia\/news\/wp-json\/wp\/v2\/news-source?post=1150"},{"taxonomy":"is_homepage","embeddable":true,"href":"https:\/\/www.chiesedisicilia.org\/chiesedisicilia\/news\/wp-json\/wp\/v2\/is_homepage?post=1150"},{"taxonomy":"ta_other","embeddable":true,"href":"https:\/\/www.chiesedisicilia.org\/chiesedisicilia\/news\/wp-json\/wp\/v2\/ta_other?post=1150"}],"curies":[{"name":"wp","href":"https:\/\/api.w.org\/{rel}","templated":true}]}}