{"id":1139,"date":"2018-02-15T15:40:00","date_gmt":"2018-02-15T14:40:00","guid":{"rendered":"http:\/\/wptestsite.tecnavia.com\/chiesedisicilia_clientsite\/news\/2018\/02\/15\/acireale-la-provocazione-del-logos-cristiano-e-le-sfide-interculturali\/"},"modified":"2018-11-09T10:52:58","modified_gmt":"2018-01-13T10:52:58","slug":"acireale-la-provocazione-del-logos-cristiano-e-le-sfide-interculturali","status":"publish","type":"post","link":"https:\/\/www.chiesedisicilia.org\/2018\/02\/15\/acireale-la-provocazione-del-logos-cristiano-e-le-sfide-interculturali\/","title":{"rendered":"ACIREALE. \u201cLA PROVOCAZIONE DEL LOGOS CRISTIANO E LE SFIDE INTERCULTURALI&#8221;"},"content":{"rendered":"<div><span style=\"font-size: 12pt; font-family: \"Times New Roman\", serif; background-image: initial; background-position: initial; background-size: initial; background-repeat: initial; background-attachment: initial; background-origin: initial; background-clip: initial;\"><span style=\"font-size: medium;\"><span style=\"font-family: \"Times New Roman\";\">La diocesi di Acireale, gioved\u00ec 15 febbraio 2018, alle 18, ricorder\u00e0 la lectio magistralis che Benedetto XVI tenne il 12 settembre 2006 nell\u2019aula magna dell\u2019universit\u00e0 di Ratisbona, che aveva per titolo \u201cFede, ragione, universit\u00e0. Ricordi e riflessioni\u201d. Nella sala conferenze del Credito Siciliano si terr\u00e0 la conversazione su \u201cLa provocazione del Logos cristiano \u2013 Il discorso di Ratisbona \u2013 di Benedetto XVI e le sfide interculturali\u201d sulla base di un testo a cura di Laurent Mazas e Gabriele Palasciano. La premessa \u00e8 del cardinale Gianfranco Ravasi. Interverranno all\u2019incontro il giudice costituzionale, Giuliano Amato, e Silvana Riccio, prefetto di Catania. Sar\u00e0 presente il vescovo monsignor Antonino Raspanti. \u201cQuesto dibattito \u00e8 occasione importante per la nostra comunit\u00e0 acese e non solo, perch\u00e9 il discorso del Papa emerito Benedetto XVI \u00e8 sempre di grande attualit\u00e0 dal punto di vista teologico e del dialogo interculturale e interreligioso. Noi viviamo in una situazione storica locale e mondiale in cui la mobilit\u00e0 dei popoli fa s\u00ec che le culture si incontrino e quindi propongo questa conversazione nella mia diocesi per costruire un dialogo di pace tra le diverse religioni\u201d. [01]<\/span><\/span><\/span><span style=\"font-size:12.0pt;font-family:\"Times New Roman\",\"serif\"\"><o:p><\/o:p><\/span><\/div>\n","protected":false},"excerpt":{"rendered":"","protected":false},"author":1,"featured_media":0,"comment_status":"open","ping_status":"open","sticky":false,"template":"","format":"standard","meta":[],"categories":[30],"tags":[],"news-destination":[],"news-source":[],"is_homepage":[],"ta_other":[],"_links":{"self":[{"href":"https:\/\/www.chiesedisicilia.org\/chiesedisicilia\/news\/wp-json\/wp\/v2\/posts\/1139"}],"collection":[{"href":"https:\/\/www.chiesedisicilia.org\/chiesedisicilia\/news\/wp-json\/wp\/v2\/posts"}],"about":[{"href":"https:\/\/www.chiesedisicilia.org\/chiesedisicilia\/news\/wp-json\/wp\/v2\/types\/post"}],"author":[{"embeddable":true,"href":"https:\/\/www.chiesedisicilia.org\/chiesedisicilia\/news\/wp-json\/wp\/v2\/users\/1"}],"replies":[{"embeddable":true,"href":"https:\/\/www.chiesedisicilia.org\/chiesedisicilia\/news\/wp-json\/wp\/v2\/comments?post=1139"}],"version-history":[{"count":1,"href":"https:\/\/www.chiesedisicilia.org\/chiesedisicilia\/news\/wp-json\/wp\/v2\/posts\/1139\/revisions"}],"predecessor-version":[{"id":19622,"href":"https:\/\/www.chiesedisicilia.org\/chiesedisicilia\/news\/wp-json\/wp\/v2\/posts\/1139\/revisions\/19622"}],"wp:attachment":[{"href":"https:\/\/www.chiesedisicilia.org\/chiesedisicilia\/news\/wp-json\/wp\/v2\/media?parent=1139"}],"wp:term":[{"taxonomy":"category","embeddable":true,"href":"https:\/\/www.chiesedisicilia.org\/chiesedisicilia\/news\/wp-json\/wp\/v2\/categories?post=1139"},{"taxonomy":"post_tag","embeddable":true,"href":"https:\/\/www.chiesedisicilia.org\/chiesedisicilia\/news\/wp-json\/wp\/v2\/tags?post=1139"},{"taxonomy":"news-destination","embeddable":true,"href":"https:\/\/www.chiesedisicilia.org\/chiesedisicilia\/news\/wp-json\/wp\/v2\/news-destination?post=1139"},{"taxonomy":"news-source","embeddable":true,"href":"https:\/\/www.chiesedisicilia.org\/chiesedisicilia\/news\/wp-json\/wp\/v2\/news-source?post=1139"},{"taxonomy":"is_homepage","embeddable":true,"href":"https:\/\/www.chiesedisicilia.org\/chiesedisicilia\/news\/wp-json\/wp\/v2\/is_homepage?post=1139"},{"taxonomy":"ta_other","embeddable":true,"href":"https:\/\/www.chiesedisicilia.org\/chiesedisicilia\/news\/wp-json\/wp\/v2\/ta_other?post=1139"}],"curies":[{"name":"wp","href":"https:\/\/api.w.org\/{rel}","templated":true}]}}