{"id":11378,"date":"2020-02-17T15:38:16","date_gmt":"2020-02-17T14:38:16","guid":{"rendered":"http:\/\/www.chiesedisicilia.org\/chiesedisicilia\/?p=11378"},"modified":"2020-02-18T15:51:17","modified_gmt":"2019-04-24T15:51:17","slug":"giovani-incontro-regionale-del-13-e-14-marzo-2020-ad-agrigento","status":"publish","type":"post","link":"https:\/\/www.chiesedisicilia.org\/2020\/02\/17\/giovani-incontro-regionale-del-13-e-14-marzo-2020-ad-agrigento\/","title":{"rendered":"GIOVANI: INCONTRO REGIONALE DEL 13 E 14 MARZO 2020 AD AGRIGENTO"},"content":{"rendered":"<p>Una occasione per &#8220;maturare relazioni umane belle e significative&#8221;, ma anche &#8220;un tempo, qualitativamente inteso, in cui \u00e8 opportuno fermarsi, ascoltare, meditare, pregare e dialogare&#8221;. Cos\u00ec l&#8217;Ufficio per i Giovani sull&#8217;incontro regionale che si terr\u00e0 venerd\u00ec 13 e sabato 14 marzo prossimo ad Agrigento. L&#8217;appuntamento, &#8220;periodo di formazione che, poi, dovr\u00e0 gradualmente e nel rispetto dei carismi e delle identit\u00e0 locali scendere nei territori&#8221;, \u00e8 considerato dall&#8217;Ufficio &#8220;un investimento formativo importante in cui \u00e8 responsabilizzata la vocazione al servizio vissuto nella e per la Chiesa&#8221;.<\/p>\n<p>Il programma prevede l&#8217;arrivo\u00a0alle ore 16 di venerd\u00ec 13 marzo, e, un quarto d&#8217;ora dopo, l&#8217;inizio dei lavori. La relazione sar\u00e0 di don Michele Falabretti, responsabile nazionale del Servizio per la Pastorale giovanile, e avr\u00f2 per tema &#8220;Dare casa al futuro&#8221;. Previsti, nella due giorni, momenti di confronto e laboratoriali e la testimonianza della realt\u00e0 ospitante.<\/p>\n<p>Sabato mattina \u00e8 in programma l&#8217;incontro di Commissione dell&#8217;Ufficio.<\/p>\n<p>&nbsp;<\/p>\n","protected":false},"excerpt":{"rendered":"","protected":false},"author":4,"featured_media":710,"comment_status":"closed","ping_status":"closed","sticky":false,"template":"","format":"standard","meta":[],"categories":[7],"tags":[820,822,821],"news-destination":[],"news-source":[],"is_homepage":[],"ta_other":[],"_links":{"self":[{"href":"https:\/\/www.chiesedisicilia.org\/chiesedisicilia\/news\/wp-json\/wp\/v2\/posts\/11378"}],"collection":[{"href":"https:\/\/www.chiesedisicilia.org\/chiesedisicilia\/news\/wp-json\/wp\/v2\/posts"}],"about":[{"href":"https:\/\/www.chiesedisicilia.org\/chiesedisicilia\/news\/wp-json\/wp\/v2\/types\/post"}],"author":[{"embeddable":true,"href":"https:\/\/www.chiesedisicilia.org\/chiesedisicilia\/news\/wp-json\/wp\/v2\/users\/4"}],"replies":[{"embeddable":true,"href":"https:\/\/www.chiesedisicilia.org\/chiesedisicilia\/news\/wp-json\/wp\/v2\/comments?post=11378"}],"version-history":[{"count":1,"href":"https:\/\/www.chiesedisicilia.org\/chiesedisicilia\/news\/wp-json\/wp\/v2\/posts\/11378\/revisions"}],"predecessor-version":[{"id":11379,"href":"https:\/\/www.chiesedisicilia.org\/chiesedisicilia\/news\/wp-json\/wp\/v2\/posts\/11378\/revisions\/11379"}],"wp:featuredmedia":[{"embeddable":true,"href":"https:\/\/www.chiesedisicilia.org\/chiesedisicilia\/news\/wp-json\/wp\/v2\/media\/710"}],"wp:attachment":[{"href":"https:\/\/www.chiesedisicilia.org\/chiesedisicilia\/news\/wp-json\/wp\/v2\/media?parent=11378"}],"wp:term":[{"taxonomy":"category","embeddable":true,"href":"https:\/\/www.chiesedisicilia.org\/chiesedisicilia\/news\/wp-json\/wp\/v2\/categories?post=11378"},{"taxonomy":"post_tag","embeddable":true,"href":"https:\/\/www.chiesedisicilia.org\/chiesedisicilia\/news\/wp-json\/wp\/v2\/tags?post=11378"},{"taxonomy":"news-destination","embeddable":true,"href":"https:\/\/www.chiesedisicilia.org\/chiesedisicilia\/news\/wp-json\/wp\/v2\/news-destination?post=11378"},{"taxonomy":"news-source","embeddable":true,"href":"https:\/\/www.chiesedisicilia.org\/chiesedisicilia\/news\/wp-json\/wp\/v2\/news-source?post=11378"},{"taxonomy":"is_homepage","embeddable":true,"href":"https:\/\/www.chiesedisicilia.org\/chiesedisicilia\/news\/wp-json\/wp\/v2\/is_homepage?post=11378"},{"taxonomy":"ta_other","embeddable":true,"href":"https:\/\/www.chiesedisicilia.org\/chiesedisicilia\/news\/wp-json\/wp\/v2\/ta_other?post=11378"}],"curies":[{"name":"wp","href":"https:\/\/api.w.org\/{rel}","templated":true}]}}