{"id":11349,"date":"2020-02-12T08:49:46","date_gmt":"2020-02-12T07:49:46","guid":{"rendered":"http:\/\/www.chiesedisicilia.org\/chiesedisicilia\/?p=11349"},"modified":"2020-02-12T08:49:48","modified_gmt":"2019-04-18T08:49:48","slug":"giornata-del-malato-indicare-la-strada-e-imparare-le-parole-per-illuminane-i-nostri-tornanti","status":"publish","type":"post","link":"https:\/\/www.chiesedisicilia.org\/2020\/02\/12\/giornata-del-malato-indicare-la-strada-e-imparare-le-parole-per-illuminane-i-nostri-tornanti\/","title":{"rendered":"GIORNATA DEL MALATO: &#8220;INDICARE LA STRADA E IMPARARE LE PAROLE PER ILLUMINANE I NOSTRI TORNANTI&#8221;"},"content":{"rendered":"<p>In occasione della XXVIII Giornata mondiale del malato, che si celebra l&#8217;11 febbraio, nella memoria della Beata Vergine Maria di Lourdes, il vescovo mons. Calogero Peri ha dedicato la mattina\u00a0alla visita agli ammalati dell\u2019Ospedale Gravina di Caltagirone e dell\u2019Hospice di Via Circonvallazione.<\/p>\n<p>&#8220;<em>\u00c8 un richiamo esistenziale forte che ci invita a recuperare il sentimento di precariet\u00e0 che appartiene alla vita di tutti e di ciascuno. Nelle situazioni estreme, nella malattia e nella sofferenza<\/em> &#8211; afferma<strong> mons. Calogero Peri, vescovo di Caltagirone<\/strong> &#8211; <em>emergono sempre le domande essenziali dell\u2019uomo. Tentare di dare una risposta a queste domande \u00e8 apertura profonda al sentimento di prossimit\u00e0, che, anche quando non trova risposte immediate e risolutorie, fa esperienza intima di quella carit\u00e0 e disponibilit\u00e0, che si fa conforto e generosa compagnia nella sofferenza. Collocare nelle mani di Dio questi matrimoni di dolore \u00e8 gesto meritorio per indicare la strada e imparare le parole che possono illuminane i tornanti problematici della nostra vita e della nostra storia, che sovente \u00e8 tentata di sottrarsi alle urgenze pi\u00f9\u00a0 problematiche e di lasciarsi sopraffare dalle emergenze pi\u00f9 drammatiche. L\u2019incontro con Cristo e la sua \u2018obbedienza\u2019 anche nella umana condizione sofferente dell\u2019uomo, indica una via sempre possibile di guarigione, se non fisica, morale e spirituale dell\u2019uomo&#8221;<\/em>.<\/p>\n<p>Nel pomeriggio, in Cattedrale, il vescovo ha celebrato messa, preceduta da un tempo di preghiera e riflessione guidato da Arnaldo Pangrazzi, dei Padri Camilliani, docente di Pastorale Sanitaria, che ha illustrato ai familiari ed operatori pastorali &#8220;<em>i contenuti di umana solidariet\u00e0 ed il senso cristiano della missione che la comunit\u00e0 \u00e8 chiamata a vivere a fianco di chi attraversa il difficile territorio dell\u2019incontro con il dolore. La sapienza del cuore<\/em> &#8211; si legge in una nota stampa dell&#8217;<strong>Ufficio diocesano per le Comunicazioni sociali<\/strong> &#8211;<em>, alla quale fa appello lo slogan della Giornata, perch\u00e9 si stia tutti a stare accanto a coloro che sono \u201cstanchi e oppressi\u201d a motivo della sofferenza, \u00e8 intelligenza d\u2019amore e non teoria astratta o esperienza fuggevole e occasionale, ma \u2013 come dice bene Papa Francesco, \u00abun atteggiamento infuso dallo Spirito Santo nella mente e nel cuore di chi sa aprirsi alla sofferenza dei fratelli e riconosce in essi l\u2019immagine di Dio\u00bb&#8221;<\/em>.<\/p>\n","protected":false},"excerpt":{"rendered":"","protected":false},"author":4,"featured_media":11350,"comment_status":"closed","ping_status":"closed","sticky":false,"template":"","format":"standard","meta":[],"categories":[7],"tags":[222,811],"news-destination":[],"news-source":[],"is_homepage":[],"ta_other":[],"_links":{"self":[{"href":"https:\/\/www.chiesedisicilia.org\/chiesedisicilia\/news\/wp-json\/wp\/v2\/posts\/11349"}],"collection":[{"href":"https:\/\/www.chiesedisicilia.org\/chiesedisicilia\/news\/wp-json\/wp\/v2\/posts"}],"about":[{"href":"https:\/\/www.chiesedisicilia.org\/chiesedisicilia\/news\/wp-json\/wp\/v2\/types\/post"}],"author":[{"embeddable":true,"href":"https:\/\/www.chiesedisicilia.org\/chiesedisicilia\/news\/wp-json\/wp\/v2\/users\/4"}],"replies":[{"embeddable":true,"href":"https:\/\/www.chiesedisicilia.org\/chiesedisicilia\/news\/wp-json\/wp\/v2\/comments?post=11349"}],"version-history":[{"count":1,"href":"https:\/\/www.chiesedisicilia.org\/chiesedisicilia\/news\/wp-json\/wp\/v2\/posts\/11349\/revisions"}],"predecessor-version":[{"id":11351,"href":"https:\/\/www.chiesedisicilia.org\/chiesedisicilia\/news\/wp-json\/wp\/v2\/posts\/11349\/revisions\/11351"}],"wp:featuredmedia":[{"embeddable":true,"href":"https:\/\/www.chiesedisicilia.org\/chiesedisicilia\/news\/wp-json\/wp\/v2\/media\/11350"}],"wp:attachment":[{"href":"https:\/\/www.chiesedisicilia.org\/chiesedisicilia\/news\/wp-json\/wp\/v2\/media?parent=11349"}],"wp:term":[{"taxonomy":"category","embeddable":true,"href":"https:\/\/www.chiesedisicilia.org\/chiesedisicilia\/news\/wp-json\/wp\/v2\/categories?post=11349"},{"taxonomy":"post_tag","embeddable":true,"href":"https:\/\/www.chiesedisicilia.org\/chiesedisicilia\/news\/wp-json\/wp\/v2\/tags?post=11349"},{"taxonomy":"news-destination","embeddable":true,"href":"https:\/\/www.chiesedisicilia.org\/chiesedisicilia\/news\/wp-json\/wp\/v2\/news-destination?post=11349"},{"taxonomy":"news-source","embeddable":true,"href":"https:\/\/www.chiesedisicilia.org\/chiesedisicilia\/news\/wp-json\/wp\/v2\/news-source?post=11349"},{"taxonomy":"is_homepage","embeddable":true,"href":"https:\/\/www.chiesedisicilia.org\/chiesedisicilia\/news\/wp-json\/wp\/v2\/is_homepage?post=11349"},{"taxonomy":"ta_other","embeddable":true,"href":"https:\/\/www.chiesedisicilia.org\/chiesedisicilia\/news\/wp-json\/wp\/v2\/ta_other?post=11349"}],"curies":[{"name":"wp","href":"https:\/\/api.w.org\/{rel}","templated":true}]}}