{"id":11327,"date":"2020-02-11T09:32:40","date_gmt":"2020-02-11T08:32:40","guid":{"rendered":"http:\/\/www.chiesedisicilia.org\/chiesedisicilia\/?p=11327"},"modified":"2020-02-11T09:34:22","modified_gmt":"2019-04-17T09:34:22","slug":"nuova-sede-per-larchivio-storico-diocesano","status":"publish","type":"post","link":"https:\/\/www.chiesedisicilia.org\/2020\/02\/11\/nuova-sede-per-larchivio-storico-diocesano\/","title":{"rendered":"NUOVA SEDE PER L&#8217;ARCHIVIO STORICO DIOCESANO"},"content":{"rendered":"<p>Una nuova sede per l\u2019Archivio storico diocesano di Cefal\u00f9 che da venerd\u00ec 14 febbraio sar\u00e0 ospitato presso il Complesso monumentale di San Domenico a Cefal\u00f9.<\/p>\n<p>Alle ore 11 \u00e8 prevista la conferenza sul tema \u201c<strong>L\u2019Archivio diocesano di Cefal\u00f9: pastorale e cultura<\/strong>\u201d a cura di mons. Sergio Pagano, prefetto dell\u2019Archivio apostolico vaticano.<\/p>\n<p>La nuova sede raccoglier\u00e0 al suo interno il Fondo Archivio della Curia (XV-XX secolo), il Fondo Mensa Vescovile (XV-XX secolo) e il Fondo del Capitolo Cattedrale (X-XX secolo, con il suo prezioso Tabulario, il Fondo Orfanotrofio Femminile della Badiola (1645-1837) e il Fondo Monte di Piet\u00e0 (XVII-XX secolo) finora custoditi in luoghi diversi.<\/p>\n<p>&#8220;<em>La nuova sistemazione <\/em>&#8211; spiega una nota della Curia &#8211; <em>render\u00e0 pi\u00f9 facile la consultazione da parte di ricercatori, studiosi e scuole, di uno dei pi\u00f9 importanti patrimoni archivistici siciliani<\/em>&#8220;.<\/p>\n","protected":false},"excerpt":{"rendered":"","protected":false},"author":4,"featured_media":11328,"comment_status":"closed","ping_status":"closed","sticky":false,"template":"","format":"standard","meta":[],"categories":[30],"tags":[135,803],"news-destination":[],"news-source":[],"is_homepage":[],"ta_other":[],"_links":{"self":[{"href":"https:\/\/www.chiesedisicilia.org\/chiesedisicilia\/news\/wp-json\/wp\/v2\/posts\/11327"}],"collection":[{"href":"https:\/\/www.chiesedisicilia.org\/chiesedisicilia\/news\/wp-json\/wp\/v2\/posts"}],"about":[{"href":"https:\/\/www.chiesedisicilia.org\/chiesedisicilia\/news\/wp-json\/wp\/v2\/types\/post"}],"author":[{"embeddable":true,"href":"https:\/\/www.chiesedisicilia.org\/chiesedisicilia\/news\/wp-json\/wp\/v2\/users\/4"}],"replies":[{"embeddable":true,"href":"https:\/\/www.chiesedisicilia.org\/chiesedisicilia\/news\/wp-json\/wp\/v2\/comments?post=11327"}],"version-history":[{"count":1,"href":"https:\/\/www.chiesedisicilia.org\/chiesedisicilia\/news\/wp-json\/wp\/v2\/posts\/11327\/revisions"}],"predecessor-version":[{"id":11329,"href":"https:\/\/www.chiesedisicilia.org\/chiesedisicilia\/news\/wp-json\/wp\/v2\/posts\/11327\/revisions\/11329"}],"wp:featuredmedia":[{"embeddable":true,"href":"https:\/\/www.chiesedisicilia.org\/chiesedisicilia\/news\/wp-json\/wp\/v2\/media\/11328"}],"wp:attachment":[{"href":"https:\/\/www.chiesedisicilia.org\/chiesedisicilia\/news\/wp-json\/wp\/v2\/media?parent=11327"}],"wp:term":[{"taxonomy":"category","embeddable":true,"href":"https:\/\/www.chiesedisicilia.org\/chiesedisicilia\/news\/wp-json\/wp\/v2\/categories?post=11327"},{"taxonomy":"post_tag","embeddable":true,"href":"https:\/\/www.chiesedisicilia.org\/chiesedisicilia\/news\/wp-json\/wp\/v2\/tags?post=11327"},{"taxonomy":"news-destination","embeddable":true,"href":"https:\/\/www.chiesedisicilia.org\/chiesedisicilia\/news\/wp-json\/wp\/v2\/news-destination?post=11327"},{"taxonomy":"news-source","embeddable":true,"href":"https:\/\/www.chiesedisicilia.org\/chiesedisicilia\/news\/wp-json\/wp\/v2\/news-source?post=11327"},{"taxonomy":"is_homepage","embeddable":true,"href":"https:\/\/www.chiesedisicilia.org\/chiesedisicilia\/news\/wp-json\/wp\/v2\/is_homepage?post=11327"},{"taxonomy":"ta_other","embeddable":true,"href":"https:\/\/www.chiesedisicilia.org\/chiesedisicilia\/news\/wp-json\/wp\/v2\/ta_other?post=11327"}],"curies":[{"name":"wp","href":"https:\/\/api.w.org\/{rel}","templated":true}]}}