{"id":11235,"date":"2020-01-29T09:56:14","date_gmt":"2020-01-29T08:56:14","guid":{"rendered":"http:\/\/www.chiesedisicilia.org\/chiesedisicilia\/?p=11235"},"modified":"2020-01-29T09:56:16","modified_gmt":"2019-04-04T09:56:16","slug":"il-messaggio-di-papa-giovanni-xxii-oggi-assemblea-pastorale-diocesana","status":"publish","type":"post","link":"https:\/\/www.chiesedisicilia.org\/2020\/01\/29\/il-messaggio-di-papa-giovanni-xxii-oggi-assemblea-pastorale-diocesana\/","title":{"rendered":"&#8220;IL MESSAGGIO DI PAPA GIOVANNI XXII OGGI&#8221;: ASSEMBLEA PASTORALE DIOCESANA"},"content":{"rendered":"<p>Un grande momento di Chiesa \u00e8 stato vissuto nel corso dell&#8217;assemblea pastorale diocesana convocata dall&#8217;Arcivescovo, mons. Corrado Lorefice, per riflettere su temi del Concilio Vaticano II ed in particolare sul \u201cMessaggio di Papa Giovanni XXIII oggi\u201d. Sono state giornate intense e molto partecipate da parte della Chiesa di Palermo che ha risposto molto bene all&#8217;invito del suo Presule.<\/p>\n<p><img alt=\"\"IL MESSAGGIO DI PAPA GIOVANNI XXII OGGI\": ASSEMBLEA PASTORALE DIOCESANA\" title=\"\"IL MESSAGGIO DI PAPA GIOVANNI XXII OGGI\": ASSEMBLEA PASTORALE DIOCESANA\" loading=\"lazy\" class=\"size-medium wp-image-11237 alignleft\" src=\"https:\/\/www.chiesedisicilia.org\/chiesedisicilia\/news\/wp-content\/uploads\/sites\/2\/2020\/01\/IMG-20200129-WA0009.jpg\" alt=\"\" width=\"300\" height=\"169\" srcset=\"https:\/\/euwps05.newsmemory.com\/chiesedisicilia\/news\/wp-content\/uploads\/sites\/2\/2020\/01\/IMG-20200129-WA0009.jpg 1500w, https:\/\/euwps05.newsmemory.com\/chiesedisicilia\/news\/wp-content\/uploads\/sites\/2\/2020\/01\/IMG-20200129-WA0009-300x169.jpg 300w, https:\/\/euwps05.newsmemory.com\/chiesedisicilia\/news\/wp-content\/uploads\/sites\/2\/2020\/01\/IMG-20200129-WA0009-768x432.jpg 768w, https:\/\/euwps05.newsmemory.com\/chiesedisicilia\/news\/wp-content\/uploads\/sites\/2\/2020\/01\/IMG-20200129-WA0009-1024x576.jpg 1024w, https:\/\/euwps05.newsmemory.com\/chiesedisicilia\/news\/wp-content\/uploads\/sites\/2\/2020\/01\/IMG-20200129-WA0009-750x422.jpg 750w\" sizes=\"(max-width: 300px) 100vw, 300px\" \/>I lavori dell&#8217;assemblea sono stati diffusi in diretta streaming, con picchi di oltre 9.000 contatti. \u201c<em>L&#8217;idea di dar vita a questo evento, di realizzare questa Assemblea della Chiesa di Palermo, gioiosamente aperta alle altre Chiese<\/em> &#8211; ha detto <strong>l&#8217;arcivescovo mons. Corrado Lorefice<\/strong>, nel suo discorso di apertura &#8211;<em>, \u00e8 nata da una intuizione e come da un sogno. Un sogno che mette accanto due Vescovi di Roma capaci di segnare nel profondo la nostra vita, la vita della Chiesa cattolica e delle Chiese cristiane. Pur cos\u00ec diversi, Giovanni e Francesco hanno infatti qualcosa di profondo in comune: la loro umanit\u00e0 schietta e coinvolgente, la loro apertura accogliente ad ogni incontro. Hanno in comune una lingua non artefatta, che sa raggiungere l&#8217;altro e sa abbracciarlo, la lingua del cuore<\/em>\u201d.<\/p>\n<p>Povert\u00e0, giovani, unit\u00e0 dei cristiani, immigrati, fraternit\u00e0 e pace tra le tematiche affrontate durante le due giornate che hanno avuto come filo conduttore\u00a0 il &#8220;<em>non avere paura di amare<\/em>&#8220;. L&#8217;Assemblea pastorale \u00e8 stata un momento di grande condivisone, che ha visto la partecipazione di tante personalit\u00e0 del mondo della Teologia e non solo. E&#8217; stato un susseguirsi di testimonianze comprese quelle di persone appartenenti al mondo dell&#8217;arte.<\/p>\n<p><img alt=\"\"IL MESSAGGIO DI PAPA GIOVANNI XXII OGGI\": ASSEMBLEA PASTORALE DIOCESANA\" title=\"\"IL MESSAGGIO DI PAPA GIOVANNI XXII OGGI\": ASSEMBLEA PASTORALE DIOCESANA\" loading=\"lazy\" class=\"size-medium wp-image-11239 alignright\" src=\"https:\/\/www.chiesedisicilia.org\/chiesedisicilia\/news\/wp-content\/uploads\/sites\/2\/2020\/01\/IMG-20200129-WA0006.jpg\" alt=\"\" width=\"300\" height=\"169\" srcset=\"https:\/\/euwps05.newsmemory.com\/chiesedisicilia\/news\/wp-content\/uploads\/sites\/2\/2020\/01\/IMG-20200129-WA0006.jpg 1500w, https:\/\/euwps05.newsmemory.com\/chiesedisicilia\/news\/wp-content\/uploads\/sites\/2\/2020\/01\/IMG-20200129-WA0006-300x169.jpg 300w, https:\/\/euwps05.newsmemory.com\/chiesedisicilia\/news\/wp-content\/uploads\/sites\/2\/2020\/01\/IMG-20200129-WA0006-768x432.jpg 768w, https:\/\/euwps05.newsmemory.com\/chiesedisicilia\/news\/wp-content\/uploads\/sites\/2\/2020\/01\/IMG-20200129-WA0006-1024x576.jpg 1024w, https:\/\/euwps05.newsmemory.com\/chiesedisicilia\/news\/wp-content\/uploads\/sites\/2\/2020\/01\/IMG-20200129-WA0006-750x422.jpg 750w\" sizes=\"(max-width: 300px) 100vw, 300px\" \/>Interessante la relazione del card. Francesco Montenegro, arcivescovo di Agrigento, il quale ha richiamato l&#8217;importanza e la necessit\u00e0 di una Chiesa che preferisce fare scelte per i poveri. \u201c<em>Ges\u00f9 \u00e8 per i poveri e lo stesso deve fare la Chiesa. Non possiamo spezzare il pane e restare spettatori di fronte ai poveri. Dobbiamo dare voce<\/em>\u00a0&#8211; ha detto il presule &#8211;\u00a0<em>alle loro richieste ed accoglierli facendo posto nel nostro cuore. Essi sono un passaggio obbligato, un sacramento scomodo di Cristo<\/em>\u201d.<\/p>\n<p>Coinvolgente la testimonianza della fondatrice di \u201cNuovi orizzonti\u201d, Chiara Amirante. Don Vito Impellizzeri, direttore dell&#8217;Istituto di Scienze Religiose della Facolt\u00e0 teologica di Sicilia \u201cSan Giovanni Evangelista, ha ricordato che i poveri sono semi di resurrezione, perch\u00e9 sono l&#8217;anticipo del giudizio di Dio su di noi e che la sfida \u00e8 una Chiesa mite, in ascolto degli ultimi, di quelli che vivono nella nostra citt\u00e0 ai margini dei mercati e che divengono \u201cliturgia della vita\u201d.<\/p>\n<p>Tra le testimonianze, anche quella di <strong>Biagio Conte, fondatore della Missione Speranza e Carit\u00e0<\/strong>: \u201c<em>I poveri sono parte di questa societ\u00e0<\/em> &#8211; ha detto &#8211; <em>e noi dobbiamo essere aperti con tutti, altrimenti non possiamo essere veri cristiani. Dobbiamo essere uniti e vicini ai malati, ai carcerati, agli immigrati. \u00c8 Dio che muove i popoli. Non giudichiamo, non chiudiamo la porta, non creiamo muri<\/em>\u201d.<\/p>\n<p><img alt=\"\"IL MESSAGGIO DI PAPA GIOVANNI XXII OGGI\": ASSEMBLEA PASTORALE DIOCESANA\" title=\"\"IL MESSAGGIO DI PAPA GIOVANNI XXII OGGI\": ASSEMBLEA PASTORALE DIOCESANA\" loading=\"lazy\" class=\"size-medium wp-image-11241\" src=\"https:\/\/www.chiesedisicilia.org\/chiesedisicilia\/news\/wp-content\/uploads\/sites\/2\/2020\/01\/IMG-20200129-WA0008.jpg\" alt=\"\" width=\"300\" height=\"169\" srcset=\"https:\/\/euwps05.newsmemory.com\/chiesedisicilia\/news\/wp-content\/uploads\/sites\/2\/2020\/01\/IMG-20200129-WA0008.jpg 1500w, https:\/\/euwps05.newsmemory.com\/chiesedisicilia\/news\/wp-content\/uploads\/sites\/2\/2020\/01\/IMG-20200129-WA0008-300x169.jpg 300w, https:\/\/euwps05.newsmemory.com\/chiesedisicilia\/news\/wp-content\/uploads\/sites\/2\/2020\/01\/IMG-20200129-WA0008-768x432.jpg 768w, https:\/\/euwps05.newsmemory.com\/chiesedisicilia\/news\/wp-content\/uploads\/sites\/2\/2020\/01\/IMG-20200129-WA0008-1024x576.jpg 1024w, https:\/\/euwps05.newsmemory.com\/chiesedisicilia\/news\/wp-content\/uploads\/sites\/2\/2020\/01\/IMG-20200129-WA0008-750x422.jpg 750w\" sizes=\"(max-width: 300px) 100vw, 300px\" \/>\u00a0 \u00a0<img alt=\"\"IL MESSAGGIO DI PAPA GIOVANNI XXII OGGI\": ASSEMBLEA PASTORALE DIOCESANA\" title=\"\"IL MESSAGGIO DI PAPA GIOVANNI XXII OGGI\": ASSEMBLEA PASTORALE DIOCESANA\" loading=\"lazy\" class=\"size-medium wp-image-11240 alignleft\" src=\"https:\/\/www.chiesedisicilia.org\/chiesedisicilia\/news\/wp-content\/uploads\/sites\/2\/2020\/01\/IMG-20200129-WA0007.jpg\" alt=\"\" width=\"300\" height=\"169\" srcset=\"https:\/\/euwps05.newsmemory.com\/chiesedisicilia\/news\/wp-content\/uploads\/sites\/2\/2020\/01\/IMG-20200129-WA0007.jpg 1500w, https:\/\/euwps05.newsmemory.com\/chiesedisicilia\/news\/wp-content\/uploads\/sites\/2\/2020\/01\/IMG-20200129-WA0007-300x169.jpg 300w, https:\/\/euwps05.newsmemory.com\/chiesedisicilia\/news\/wp-content\/uploads\/sites\/2\/2020\/01\/IMG-20200129-WA0007-768x432.jpg 768w, https:\/\/euwps05.newsmemory.com\/chiesedisicilia\/news\/wp-content\/uploads\/sites\/2\/2020\/01\/IMG-20200129-WA0007-1024x576.jpg 1024w, https:\/\/euwps05.newsmemory.com\/chiesedisicilia\/news\/wp-content\/uploads\/sites\/2\/2020\/01\/IMG-20200129-WA0007-750x422.jpg 750w\" sizes=\"(max-width: 300px) 100vw, 300px\" \/><\/p>\n<p>Domenica mattina i lavori dell&#8217;assemblea si sono spostati nella chiesa Santissimo Salvatore, dove sono intervenuti il teologo Roberto Repole, della Facolt\u00e0 Teologica dell&#8217;Italia Settentrionale di Torino, e Francesco Michele Stabile, storico della Chiesa, il quale ha ripercorso gli anni del ministero pastorale del cardinale Salvatore Pappalardo a Palermo.<\/p>\n<p>L&#8217;Assemblea pastorale si \u00e8 conclusa in Cattedrale con il focus sulla pace e l&#8217;importanza del dialogo, con il vescovo di Piazza Armerina, mons. Rosario Gisana, Massimo Toschi, gi\u00e0 assessore della Regione Toscana intervenuto sulla cooperazione internazionale, il perdono e la riconciliazione dei popoli, e Vincenzo Ceruso, presidente delle Aggregazioni Laicali dell&#8217;arcidiocesi di Palermo.<\/p>\n<p>Nel finale dell&#8217;appuntamento, anche Salvo Ficarra e Valentino Picone: i due artisti hanno dialogato con il direttore dell&#8217;Ufficio pastorale, don Carmelo Torcivia, ed hanno raccontato come \u00e8 nata l&#8217;idea del famosissimo sketch sullo \u201cZio Pino\u201d che amava tutti, anche i suoi assassini, andato in scena al Festival di Sanremo 2007 e che riscuote sempre un grande successo. \u201c<em>Aiutiamo chi ci guarda a regalare un sorriso agli altri<\/em> &#8211; hanno detto i due comici &#8211; <em>e don Pino Puglisi lo ricordiamo spesso<\/em>\u201d.<\/p>\n","protected":false},"excerpt":{"rendered":"","protected":false},"author":4,"featured_media":11238,"comment_status":"closed","ping_status":"closed","sticky":false,"template":"","format":"standard","meta":[],"categories":[30],"tags":[794,795,93],"news-destination":[],"news-source":[],"is_homepage":[],"ta_other":[],"_links":{"self":[{"href":"https:\/\/www.chiesedisicilia.org\/chiesedisicilia\/news\/wp-json\/wp\/v2\/posts\/11235"}],"collection":[{"href":"https:\/\/www.chiesedisicilia.org\/chiesedisicilia\/news\/wp-json\/wp\/v2\/posts"}],"about":[{"href":"https:\/\/www.chiesedisicilia.org\/chiesedisicilia\/news\/wp-json\/wp\/v2\/types\/post"}],"author":[{"embeddable":true,"href":"https:\/\/www.chiesedisicilia.org\/chiesedisicilia\/news\/wp-json\/wp\/v2\/users\/4"}],"replies":[{"embeddable":true,"href":"https:\/\/www.chiesedisicilia.org\/chiesedisicilia\/news\/wp-json\/wp\/v2\/comments?post=11235"}],"version-history":[{"count":2,"href":"https:\/\/www.chiesedisicilia.org\/chiesedisicilia\/news\/wp-json\/wp\/v2\/posts\/11235\/revisions"}],"predecessor-version":[{"id":11242,"href":"https:\/\/www.chiesedisicilia.org\/chiesedisicilia\/news\/wp-json\/wp\/v2\/posts\/11235\/revisions\/11242"}],"wp:featuredmedia":[{"embeddable":true,"href":"https:\/\/www.chiesedisicilia.org\/chiesedisicilia\/news\/wp-json\/wp\/v2\/media\/11238"}],"wp:attachment":[{"href":"https:\/\/www.chiesedisicilia.org\/chiesedisicilia\/news\/wp-json\/wp\/v2\/media?parent=11235"}],"wp:term":[{"taxonomy":"category","embeddable":true,"href":"https:\/\/www.chiesedisicilia.org\/chiesedisicilia\/news\/wp-json\/wp\/v2\/categories?post=11235"},{"taxonomy":"post_tag","embeddable":true,"href":"https:\/\/www.chiesedisicilia.org\/chiesedisicilia\/news\/wp-json\/wp\/v2\/tags?post=11235"},{"taxonomy":"news-destination","embeddable":true,"href":"https:\/\/www.chiesedisicilia.org\/chiesedisicilia\/news\/wp-json\/wp\/v2\/news-destination?post=11235"},{"taxonomy":"news-source","embeddable":true,"href":"https:\/\/www.chiesedisicilia.org\/chiesedisicilia\/news\/wp-json\/wp\/v2\/news-source?post=11235"},{"taxonomy":"is_homepage","embeddable":true,"href":"https:\/\/www.chiesedisicilia.org\/chiesedisicilia\/news\/wp-json\/wp\/v2\/is_homepage?post=11235"},{"taxonomy":"ta_other","embeddable":true,"href":"https:\/\/www.chiesedisicilia.org\/chiesedisicilia\/news\/wp-json\/wp\/v2\/ta_other?post=11235"}],"curies":[{"name":"wp","href":"https:\/\/api.w.org\/{rel}","templated":true}]}}