{"id":11223,"date":"2020-01-28T15:35:41","date_gmt":"2020-01-28T14:35:41","guid":{"rendered":"http:\/\/www.chiesedisicilia.org\/chiesedisicilia\/?p=11223"},"modified":"2020-01-29T08:08:49","modified_gmt":"2019-04-04T08:08:49","slug":"formazione-socio-politica-accogliere-proteggere-promuovere-e-integrare","status":"publish","type":"post","link":"https:\/\/www.chiesedisicilia.org\/2020\/01\/28\/formazione-socio-politica-accogliere-proteggere-promuovere-e-integrare\/","title":{"rendered":"FORMAZIONE SOCIO-POLITICA: &#8220;ACCOGLIERE, PROTEGGERE, PROMUOVERE E INTEGRARE&#8221;"},"content":{"rendered":"<p>\u201cAccogliere, proteggere, promuovere e integrare\u201d \u00e8 il tema del secondo appuntamento del Laboratorio diocesano di formazione socio-politica che si terr\u00e0 venerd\u00ec 31 gennaio e sabato 1 febbraio presso la chiesa Ss. Sacramento, a Cefal\u00f9.<\/p>\n<p>\u201c<em>Vogliamo offrire spunti di riflessione\u00a0 e di formazione sul fenomeno migratorio in linea con il Magistero della Chiesa<\/em> \u2013 dice <strong>don Giuseppe Amato, responsabile della Scuola di Formazione<\/strong> \u2013<em>, andando oltre il luoghi comuni<\/em>\u201d.<\/p>\n<p>Gli spunti di riflessione e le occasioni di dibattito saranno offerti, nel primo giorno dei lavori, dagli interventi del card. Francesco Montenegro, arcivescovo di Agrigento e gi\u00e0 presidente di Caritas Italiana, e del prof. Giuseppe Verde, gi\u00e0 Preside della Facolt\u00e0 di Giurisprudenza di Palermo; l\u20191 febbraio animeranno il dibattito l\u2019assessore del Comune di Palermo, Giuseppe Mattina, che si soffermer\u00e0 sui decreti sicurezza e la portavoce della Ong Mediterranea, Alessandra Sciurba.<\/p>\n<p>&#8220;<em>Nel programmare questo secondo modulo formativo<\/em> &#8211; dicono gli organizzatori &#8211;<em>, abbiamo fatto nostro l&#8217;invito di Papa Francesco a non alzare muri, che ha detto che &#8216;Non \u00e8 facile entrare nella cultura altrui, mettersi nei panni di persone cos\u00ec diverse da noi, comprenderne i pensieri e le esperienze. E cos\u00ec, spesso, rinunciamo all\u2019incontro con l\u2019altro e alziamo barriere per difenderci&#8217;. Un punto di partenza<\/em> &#8211; aggiungono &#8211; <em>per una discussione franca su un tema complesso e al centro del dibattito politico<\/em>&#8220;.<\/p>\n<p>Sia venerd\u00ec che sabato, i lavori avranno inizio alle ore 16:00.<\/p>\n","protected":false},"excerpt":{"rendered":"","protected":false},"author":4,"featured_media":11224,"comment_status":"closed","ping_status":"closed","sticky":false,"template":"","format":"standard","meta":[],"categories":[30],"tags":[788,135,787],"news-destination":[],"news-source":[],"is_homepage":[],"ta_other":[],"_links":{"self":[{"href":"https:\/\/www.chiesedisicilia.org\/chiesedisicilia\/news\/wp-json\/wp\/v2\/posts\/11223"}],"collection":[{"href":"https:\/\/www.chiesedisicilia.org\/chiesedisicilia\/news\/wp-json\/wp\/v2\/posts"}],"about":[{"href":"https:\/\/www.chiesedisicilia.org\/chiesedisicilia\/news\/wp-json\/wp\/v2\/types\/post"}],"author":[{"embeddable":true,"href":"https:\/\/www.chiesedisicilia.org\/chiesedisicilia\/news\/wp-json\/wp\/v2\/users\/4"}],"replies":[{"embeddable":true,"href":"https:\/\/www.chiesedisicilia.org\/chiesedisicilia\/news\/wp-json\/wp\/v2\/comments?post=11223"}],"version-history":[{"count":1,"href":"https:\/\/www.chiesedisicilia.org\/chiesedisicilia\/news\/wp-json\/wp\/v2\/posts\/11223\/revisions"}],"predecessor-version":[{"id":11225,"href":"https:\/\/www.chiesedisicilia.org\/chiesedisicilia\/news\/wp-json\/wp\/v2\/posts\/11223\/revisions\/11225"}],"wp:featuredmedia":[{"embeddable":true,"href":"https:\/\/www.chiesedisicilia.org\/chiesedisicilia\/news\/wp-json\/wp\/v2\/media\/11224"}],"wp:attachment":[{"href":"https:\/\/www.chiesedisicilia.org\/chiesedisicilia\/news\/wp-json\/wp\/v2\/media?parent=11223"}],"wp:term":[{"taxonomy":"category","embeddable":true,"href":"https:\/\/www.chiesedisicilia.org\/chiesedisicilia\/news\/wp-json\/wp\/v2\/categories?post=11223"},{"taxonomy":"post_tag","embeddable":true,"href":"https:\/\/www.chiesedisicilia.org\/chiesedisicilia\/news\/wp-json\/wp\/v2\/tags?post=11223"},{"taxonomy":"news-destination","embeddable":true,"href":"https:\/\/www.chiesedisicilia.org\/chiesedisicilia\/news\/wp-json\/wp\/v2\/news-destination?post=11223"},{"taxonomy":"news-source","embeddable":true,"href":"https:\/\/www.chiesedisicilia.org\/chiesedisicilia\/news\/wp-json\/wp\/v2\/news-source?post=11223"},{"taxonomy":"is_homepage","embeddable":true,"href":"https:\/\/www.chiesedisicilia.org\/chiesedisicilia\/news\/wp-json\/wp\/v2\/is_homepage?post=11223"},{"taxonomy":"ta_other","embeddable":true,"href":"https:\/\/www.chiesedisicilia.org\/chiesedisicilia\/news\/wp-json\/wp\/v2\/ta_other?post=11223"}],"curies":[{"name":"wp","href":"https:\/\/api.w.org\/{rel}","templated":true}]}}