{"id":11204,"date":"2020-01-25T16:35:12","date_gmt":"2020-01-25T15:35:12","guid":{"rendered":"http:\/\/www.chiesedisicilia.org\/chiesedisicilia\/?p=11204"},"modified":"2020-07-15T15:33:00","modified_gmt":"2019-09-19T15:33:00","slug":"movimento-cristiano-lavoratori-il-sud-e-per-litalia-rifiutare-la-rassegnazione","status":"publish","type":"post","link":"https:\/\/www.chiesedisicilia.org\/2020\/01\/25\/movimento-cristiano-lavoratori-il-sud-e-per-litalia-rifiutare-la-rassegnazione\/","title":{"rendered":"MOVIMENTO CRISTIANO LAVORATORI: &#8220;IL SUD \u00c8 PER L&#8217;ITALIA. RIFIUTARE LA RASSEGNAZIONE&#8221;"},"content":{"rendered":"<p>&#8220;<em>Non bisogna arrendersi e scappare, ma occorre dare una spinta per i giovani, superare la rassegnazione<\/em>&#8220;. \u00c8 &#8220;<em>una\u00a0denuncia alla crisi economica e sociale del Mezzogiorno, alla debolezza del sistema di rappresentanza e dipartecipazione dei corpi intermedi e del mondo cattolico in generale<\/em>&#8221; quella che arriva dal Movimento Cristiano lavoratori di Sicilia, riunito a Messina, nel fine settimana, per il 12\u00ba congresso regionale. Sul tema \u201c<strong>Forti della nostra identit\u00e0, attraverso il lavoro, costruttori di speranza in Italia e in Europa. Il sud per l\u2019Italia<\/strong>\u201d si sono confrontati 200 delegati arrivati da tutte le province siciliane.<\/p>\n<p>&#8220;<em>Diciamo con forza che non bisogna arrendersi e scappare, ma occorre dare una spinta per i giovani, superare la rassegnazione<\/em>&#8221; ha spiegato il <strong>presidente regionale MCL Fortunato Romano<\/strong> dalla sala Sinopoli del teatro del Vittorio Emanuele.<\/p>\n<p>&#8220;<em>Chiediamo una veloce e migliore spesa pubblica<\/em> &#8211; ha detto il\u00a0presidente regionale Mcl Sicilia, Fortunato Romano &#8211; <em>ed \u00e8 necessario rigenerare le politiche del lavoro e quelle sociali che siano per\u00f2 adeguate ed efficaci. Svegliamo le associazioni del terzo settore, i partiti, i sindacati affinch\u00e9 abbiano un maggior ruolo come protagonisti. Continuiamo a dare fiducia a questo Governo regionale, dal quale per\u00f2 ci aspettavamo un&#8217;azione pi\u00f9 incisiva<\/em>&#8220;.<\/p>\n<p>Ai lavori anche il <strong>presidente generale del Movimento, Carlo Costalli<\/strong>, intervenuto sul rilancio del Mezzogiorno. &#8220;<em>Oggi parliamo di Sud che deve collegarsi al Nord, un Sud che deve agganciarsi alla ripresa. Dobbiamo lavorare per l&#8217;unit\u00e0 del Paese. Senza il Sud, l&#8217;Italia non decolla. Noi siamo contro una cultura dell&#8217;assistenzialismo e una cultura delle divisioni. C&#8217;\u00e8 una parte politica che lavora per le divisioni e noi dobbiamo costruire ponti per unire<\/em>&#8220;.<\/p>\n<p>Della necessit\u00e0 di unire e di accogliere ha parlato <strong>l\u2019assistente ecclesiastico nazionale don Francesco Poli<\/strong> a conclusione della sua riflessione su un passo di Vangelo. &#8220;<em>Accogliere vuol dire \u00a0ascoltare l&#8217;altro. Farlo entrare nella propria vita e nelle proprie case. Solo cos\u00ec \u00e8 possibile capire i reali bisogni del prossimo. Questo il nostro ruolo per essere protagonisti della realt\u00e0<\/em>&#8220;.<\/p>\n<p>Durante il congresso \u00e8 stato affrontato pi\u00f9 volte il tema della famiglia e dei suoi bisogni. <strong>Dario Micalizio, presidente del Forum delle associazioni familiari<\/strong>, una rete di secondo livello che vede l&#8217;MCL protagonista e cofondatore a livello regionale, ha sottolineato come &#8220;<em>denatalit\u00e0 e famiglie del ceto medio siano i due focus che dovrebbero essere attenzionati dalle politiche regionali e comunali. Ci\u00f2 comporta un problema a livello economico e una sostenibilit\u00e0 del welfare. Chi sceglie di avere famiglia deve essere aiutato. In Italia la nascita di un figlio \u00e8 la seconda causa di povert\u00e0<\/em>&#8220;.<\/p>\n<p>Micalizio ha invitato i sindaci e gli amministratori presenti oggi a sfruttare le possibilit\u00e0 offerte in materia fiscale. &#8220;I <em>comuni<\/em><em>\u00a0&#8211; <\/em>ha detto <em>&#8211; hanno la possibilit\u00e0 di rimodulare le imposte sulla base dei reali carichi familiari e non sull&#8217;Isee, che invece discrimina le famiglie con figli<\/em>&#8220;.<\/p>\n<p>Dal <strong>Segretario regionale della Cisl Sebastiano Cappuccio<\/strong> l&#8217;invito a tutti i partecipanti a &#8220;<em>mettere assieme le competenze, ma anche quello che rappresentano. Serve un cambio di rotta e un&#8217;assunzione di responsabilit\u00e0 attraverso un percorso di condivisione di scelte e quindi un progetto di rilancio in cui gli elementi del lavoro, della crescita e dell&#8217;occupazione e del sociale siano visibili e resi fruibili per tutti i cittadini. Deve ripartire dal Sud del Mezzogiorno il vero momento di crescita del Paese. Da qui pu\u00f2 ripartire il momento di congiunzione del Paese<\/em>&#8220;.<\/p>\n<p>E di lavoro e di quanto si sta cercando di fare per incrementarne la crescita ha centrato il suo intervento <strong>l&#8217;assessore regionale agli Enti Locali, Bernadette Grasso<\/strong>. &#8220;<em>Serve lavoro e da due anni come Assessorato stiamo puntando sull&#8217;agevolazione del settore della formazione per cercare di far restare i giovani in Sicilia<\/em> &#8211; ha affermato -. <em>Quando vanno via i ragazzi, spesso le famiglie li seguono. Ne deriva un impoverimento culturale&#8221;.<\/em><\/p>\n<p>Al termine dei lavori il congresso regionale ha rieletto alla presidenza per i prossimi 4 anni Fortunato Romano, e nominato al consiglio che risulta formato da: Giacomo Accardi, Vincenzo Barcellona, Angela Barone, Pietro Bono, Michele Cristaldi, Giorgio D\u2019Antoni, Piergiuseppe De Luca, Michele De Maria, Gaetano Drago, Cardella Roberta, Gaetano Lamberto, Rita Daniele, Alfio Marchese, Paolo Ragusa, Cipriano Sciacca, Fausto Terrana, Giovanni Terranova, Gianluca Vece e Lillo Zaffino.<\/p>\n","protected":false},"excerpt":{"rendered":"","protected":false},"author":4,"featured_media":11206,"comment_status":"closed","ping_status":"closed","sticky":false,"template":"","format":"standard","meta":[],"categories":[7],"tags":[781,779,780],"news-destination":[],"news-source":[],"is_homepage":[],"ta_other":[],"_links":{"self":[{"href":"https:\/\/www.chiesedisicilia.org\/chiesedisicilia\/news\/wp-json\/wp\/v2\/posts\/11204"}],"collection":[{"href":"https:\/\/www.chiesedisicilia.org\/chiesedisicilia\/news\/wp-json\/wp\/v2\/posts"}],"about":[{"href":"https:\/\/www.chiesedisicilia.org\/chiesedisicilia\/news\/wp-json\/wp\/v2\/types\/post"}],"author":[{"embeddable":true,"href":"https:\/\/www.chiesedisicilia.org\/chiesedisicilia\/news\/wp-json\/wp\/v2\/users\/4"}],"replies":[{"embeddable":true,"href":"https:\/\/www.chiesedisicilia.org\/chiesedisicilia\/news\/wp-json\/wp\/v2\/comments?post=11204"}],"version-history":[{"count":2,"href":"https:\/\/www.chiesedisicilia.org\/chiesedisicilia\/news\/wp-json\/wp\/v2\/posts\/11204\/revisions"}],"predecessor-version":[{"id":11207,"href":"https:\/\/www.chiesedisicilia.org\/chiesedisicilia\/news\/wp-json\/wp\/v2\/posts\/11204\/revisions\/11207"}],"wp:featuredmedia":[{"embeddable":true,"href":"https:\/\/www.chiesedisicilia.org\/chiesedisicilia\/news\/wp-json\/wp\/v2\/media\/11206"}],"wp:attachment":[{"href":"https:\/\/www.chiesedisicilia.org\/chiesedisicilia\/news\/wp-json\/wp\/v2\/media?parent=11204"}],"wp:term":[{"taxonomy":"category","embeddable":true,"href":"https:\/\/www.chiesedisicilia.org\/chiesedisicilia\/news\/wp-json\/wp\/v2\/categories?post=11204"},{"taxonomy":"post_tag","embeddable":true,"href":"https:\/\/www.chiesedisicilia.org\/chiesedisicilia\/news\/wp-json\/wp\/v2\/tags?post=11204"},{"taxonomy":"news-destination","embeddable":true,"href":"https:\/\/www.chiesedisicilia.org\/chiesedisicilia\/news\/wp-json\/wp\/v2\/news-destination?post=11204"},{"taxonomy":"news-source","embeddable":true,"href":"https:\/\/www.chiesedisicilia.org\/chiesedisicilia\/news\/wp-json\/wp\/v2\/news-source?post=11204"},{"taxonomy":"is_homepage","embeddable":true,"href":"https:\/\/www.chiesedisicilia.org\/chiesedisicilia\/news\/wp-json\/wp\/v2\/is_homepage?post=11204"},{"taxonomy":"ta_other","embeddable":true,"href":"https:\/\/www.chiesedisicilia.org\/chiesedisicilia\/news\/wp-json\/wp\/v2\/ta_other?post=11204"}],"curies":[{"name":"wp","href":"https:\/\/api.w.org\/{rel}","templated":true}]}}