{"id":11157,"date":"2020-01-21T11:55:43","date_gmt":"2020-01-21T10:55:43","guid":{"rendered":"http:\/\/www.chiesedisicilia.org\/chiesedisicilia\/?p=11157"},"modified":"2020-02-07T18:11:31","modified_gmt":"2019-04-13T18:11:31","slug":"oggi-per-questa-casa-e-venuta-la-salvezza-convegno-catechistico-regionale","status":"publish","type":"post","link":"https:\/\/www.chiesedisicilia.org\/2020\/01\/21\/oggi-per-questa-casa-e-venuta-la-salvezza-convegno-catechistico-regionale\/","title":{"rendered":"&#8220;OGGI PER QUESTA CASA E&#8217; VENUTA LA SALVEZZA&#8221;: CONVEGNO CATECHISTICO REGIONALE"},"content":{"rendered":"<p>Si svolger\u00e0 dal 7 al 9 febbraio, ad Agrigento, il convegno dal titolo &#8220;Oggi per questa casa \u00e8 venuta la salvezza&#8221;, organizzato dall&#8217;Ufficio regionale per la Dottrina della fede e la Catechesi.<\/p>\n<p>&#8220;<em>L&#8217;appuntamento<\/em> &#8211; spiega <strong>il direttore dell&#8217;Ucr, don Carmelo Sciuto<\/strong> &#8211;\u00a0<em>\u00e8 un\u2019ulteriore tappa del percorso di riflessione ed elaborazione pastorale che l\u2019Ufficio catechistico regionale sta sviluppando in questi anni per accompagnare il processo di rinnovamento missionario della catechesi nelle nostre Chiese di Sicilia.\u00a0Percorsi non occasionali <\/em>&#8211; aggiunge -,\u00a0<em> ma stabili di fede nel grembo ecclesiale che continua a generare, accogliere e sostenere la vita dei discepoli del Signore.<\/em>&#8220;.<\/p>\n<p>Dal 2014, dopo aver posto l\u2019attenzione sull\u2019ispirazione catecumenale della catechesi e sulla prima infanzia, l&#8217;Ufficio per la Catechesi si \u00e8 confrontato di anno in anno con l\u2019Ufficio per la Famiglia di pastorale familiare sulla relazione tra famiglia e comunit\u00e0 nell\u2019iniziazione cristiana dei ragazzi oltre i 6 anni e, insieme con\u00a0 l\u2019Ufficio per la Pastorale giovanile, ha raccolto la sfida della mistagogia come attenzione alla preadolescenza.<\/p>\n<p>&#8220;<em>L\u2019attenzione all\u2019adulto<\/em> &#8211; continua don Sciuto &#8211;<em>, ci pone in particolare continuit\u00e0 con il convegno dello scorso anno, esperienza integrata con la pastorale familiare, sul primo annuncio alla famiglia per continuare a generare alla fede con la comunit\u00e0.\u00a0\u00a0Icona biblica ed esistenziale, che scandir\u00e0 le tappe del nostro convenire, sar\u00e0 Zaccheo (cf. Lc 19,1-10) nel suo desiderio di vedere Ges\u00f9 (\u201ccercava di vederlo\u201d), nel suo essere trovato dal Cristo (\u201calz\u00f2 lo sguardo\u201d) e nell\u2019incontro con il Signore che trasformer\u00e0 la sua vita (\u201coggi vengo a casa tua\u201d): la pagina lucana<\/em> &#8211; aggiunge il direttore dell&#8217;Ucr &#8211; <em>sembra includere la cifra del viaggio interiore di ogni cercatore di Dio e, prima ancora, dei passi di Dio alla ricerca dell\u2019uomo, dei pi\u00f9 semplici, degli imperfetti, pagine inedite di Vangelo ma non per questo meno evangeliche. Il tutto all\u2019insegna di una Chiesa \u201cinquieta, sempre pi\u00f9 vicina agli abbandonati, ai dimenticati, agli imperfetti\u201d come Papa Francesco ha ribadito alla Chiesa Italiana nel convegno ecclesiale di Firenze<\/em>&#8220;.<\/p>\n<p>Le relazioni a carattere fondativo, i racconti e le testimonianze di esperienze gi\u00e0 avviate nelle Chiese della Sicilia e i lavori di gruppo, daranno l\u2019occasione a direttori ed equipe diocesane, catechisti, animatori dell\u2019apostolato biblico e formatori dei catechisti, di ideare nuove vie di annuncio e catechesi agli e con gli adulti nell\u2019attuale contesto sociale, culturale ed ecclesiale.<\/p>\n","protected":false},"excerpt":{"rendered":"","protected":false},"author":4,"featured_media":703,"comment_status":"closed","ping_status":"closed","sticky":false,"template":"","format":"standard","meta":[],"categories":[7],"tags":[768,769],"news-destination":[],"news-source":[],"is_homepage":[],"ta_other":[],"_links":{"self":[{"href":"https:\/\/www.chiesedisicilia.org\/chiesedisicilia\/news\/wp-json\/wp\/v2\/posts\/11157"}],"collection":[{"href":"https:\/\/www.chiesedisicilia.org\/chiesedisicilia\/news\/wp-json\/wp\/v2\/posts"}],"about":[{"href":"https:\/\/www.chiesedisicilia.org\/chiesedisicilia\/news\/wp-json\/wp\/v2\/types\/post"}],"author":[{"embeddable":true,"href":"https:\/\/www.chiesedisicilia.org\/chiesedisicilia\/news\/wp-json\/wp\/v2\/users\/4"}],"replies":[{"embeddable":true,"href":"https:\/\/www.chiesedisicilia.org\/chiesedisicilia\/news\/wp-json\/wp\/v2\/comments?post=11157"}],"version-history":[{"count":1,"href":"https:\/\/www.chiesedisicilia.org\/chiesedisicilia\/news\/wp-json\/wp\/v2\/posts\/11157\/revisions"}],"predecessor-version":[{"id":11158,"href":"https:\/\/www.chiesedisicilia.org\/chiesedisicilia\/news\/wp-json\/wp\/v2\/posts\/11157\/revisions\/11158"}],"wp:featuredmedia":[{"embeddable":true,"href":"https:\/\/www.chiesedisicilia.org\/chiesedisicilia\/news\/wp-json\/wp\/v2\/media\/703"}],"wp:attachment":[{"href":"https:\/\/www.chiesedisicilia.org\/chiesedisicilia\/news\/wp-json\/wp\/v2\/media?parent=11157"}],"wp:term":[{"taxonomy":"category","embeddable":true,"href":"https:\/\/www.chiesedisicilia.org\/chiesedisicilia\/news\/wp-json\/wp\/v2\/categories?post=11157"},{"taxonomy":"post_tag","embeddable":true,"href":"https:\/\/www.chiesedisicilia.org\/chiesedisicilia\/news\/wp-json\/wp\/v2\/tags?post=11157"},{"taxonomy":"news-destination","embeddable":true,"href":"https:\/\/www.chiesedisicilia.org\/chiesedisicilia\/news\/wp-json\/wp\/v2\/news-destination?post=11157"},{"taxonomy":"news-source","embeddable":true,"href":"https:\/\/www.chiesedisicilia.org\/chiesedisicilia\/news\/wp-json\/wp\/v2\/news-source?post=11157"},{"taxonomy":"is_homepage","embeddable":true,"href":"https:\/\/www.chiesedisicilia.org\/chiesedisicilia\/news\/wp-json\/wp\/v2\/is_homepage?post=11157"},{"taxonomy":"ta_other","embeddable":true,"href":"https:\/\/www.chiesedisicilia.org\/chiesedisicilia\/news\/wp-json\/wp\/v2\/ta_other?post=11157"}],"curies":[{"name":"wp","href":"https:\/\/api.w.org\/{rel}","templated":true}]}}