{"id":11109,"date":"2020-01-15T09:09:37","date_gmt":"2020-01-15T08:09:37","guid":{"rendered":"http:\/\/www.chiesedisicilia.org\/chiesedisicilia\/?p=11109"},"modified":"2020-01-18T20:00:45","modified_gmt":"2019-03-24T20:00:45","slug":"verso-bari-mediterraneo-frontiera-di-pace","status":"publish","type":"post","link":"https:\/\/www.chiesedisicilia.org\/2020\/01\/15\/verso-bari-mediterraneo-frontiera-di-pace\/","title":{"rendered":"VERSO BARI: &#8220;MEDITERRANEO, FRONTIERA DI PACE&#8221;"},"content":{"rendered":"<p>Trapani si prepara all\u2019evento di Bari con il coordinatore del comitato organizzatore CEI, il vescovo Antonino Raspanti.<\/p>\n<p>Sar\u00e0 &#8220;il cantiere di un sentiero di pace&#8221; l\u2019incontro \u201cMediterraneo, frontiera di pace\u201d\u00a0che porter\u00e0 a Bari dal 19 al 23 febbraio i vescovi di diciannove Paesi affacciati sul nostro mare e si concluder\u00e0 con la celebrazione eucaristica presieduta da Papa Francesco. Un momento di riflessione e spiritualit\u00e0 che gli eventi delle ultime settimane rendono di particolare rilievo.<\/p>\n<p>Nell\u2019ambito del percorso \u201cartigiani di pace\u201d\u00a0gioved\u00ec 16 gennaio, promosso dalla Scuola teologica-pastorale \u201cUna casa per narrare\u201d, si terr\u00e0 un incontro che presenter\u00e0 il metodo e i contenuti di questo \u201cvertice di fraternit\u00e0\u201d tra le chiese del mediterraneo. Interverr\u00e0 mons. Antonino Raspanti, vescovo di Acireale, coordinatore del comitato organizzatore dell\u2019evento di Bari e vice-presidente della CEI.<\/p>\n<p>L\u2019appuntamento, aperto al pubblico, si terr\u00e0 presso il Seminario vescovile, ad Erice Casa-Santa, con inizio alle ore 19.<\/p>\n","protected":false},"excerpt":{"rendered":"","protected":false},"author":4,"featured_media":11110,"comment_status":"closed","ping_status":"closed","sticky":false,"template":"","format":"standard","meta":[],"categories":[30],"tags":[760,104,759],"news-destination":[],"news-source":[],"is_homepage":[],"ta_other":[],"_links":{"self":[{"href":"https:\/\/www.chiesedisicilia.org\/chiesedisicilia\/news\/wp-json\/wp\/v2\/posts\/11109"}],"collection":[{"href":"https:\/\/www.chiesedisicilia.org\/chiesedisicilia\/news\/wp-json\/wp\/v2\/posts"}],"about":[{"href":"https:\/\/www.chiesedisicilia.org\/chiesedisicilia\/news\/wp-json\/wp\/v2\/types\/post"}],"author":[{"embeddable":true,"href":"https:\/\/www.chiesedisicilia.org\/chiesedisicilia\/news\/wp-json\/wp\/v2\/users\/4"}],"replies":[{"embeddable":true,"href":"https:\/\/www.chiesedisicilia.org\/chiesedisicilia\/news\/wp-json\/wp\/v2\/comments?post=11109"}],"version-history":[{"count":1,"href":"https:\/\/www.chiesedisicilia.org\/chiesedisicilia\/news\/wp-json\/wp\/v2\/posts\/11109\/revisions"}],"predecessor-version":[{"id":11111,"href":"https:\/\/www.chiesedisicilia.org\/chiesedisicilia\/news\/wp-json\/wp\/v2\/posts\/11109\/revisions\/11111"}],"wp:featuredmedia":[{"embeddable":true,"href":"https:\/\/www.chiesedisicilia.org\/chiesedisicilia\/news\/wp-json\/wp\/v2\/media\/11110"}],"wp:attachment":[{"href":"https:\/\/www.chiesedisicilia.org\/chiesedisicilia\/news\/wp-json\/wp\/v2\/media?parent=11109"}],"wp:term":[{"taxonomy":"category","embeddable":true,"href":"https:\/\/www.chiesedisicilia.org\/chiesedisicilia\/news\/wp-json\/wp\/v2\/categories?post=11109"},{"taxonomy":"post_tag","embeddable":true,"href":"https:\/\/www.chiesedisicilia.org\/chiesedisicilia\/news\/wp-json\/wp\/v2\/tags?post=11109"},{"taxonomy":"news-destination","embeddable":true,"href":"https:\/\/www.chiesedisicilia.org\/chiesedisicilia\/news\/wp-json\/wp\/v2\/news-destination?post=11109"},{"taxonomy":"news-source","embeddable":true,"href":"https:\/\/www.chiesedisicilia.org\/chiesedisicilia\/news\/wp-json\/wp\/v2\/news-source?post=11109"},{"taxonomy":"is_homepage","embeddable":true,"href":"https:\/\/www.chiesedisicilia.org\/chiesedisicilia\/news\/wp-json\/wp\/v2\/is_homepage?post=11109"},{"taxonomy":"ta_other","embeddable":true,"href":"https:\/\/www.chiesedisicilia.org\/chiesedisicilia\/news\/wp-json\/wp\/v2\/ta_other?post=11109"}],"curies":[{"name":"wp","href":"https:\/\/api.w.org\/{rel}","templated":true}]}}