{"id":11094,"date":"2020-01-14T17:45:34","date_gmt":"2020-01-14T16:45:34","guid":{"rendered":"http:\/\/www.chiesedisicilia.org\/chiesedisicilia\/?p=11094"},"modified":"2020-01-14T17:47:18","modified_gmt":"2019-03-20T17:47:18","slug":"atto-vandalico-contro-scout-non-dobbiamo-cedere-al-male","status":"publish","type":"post","link":"https:\/\/www.chiesedisicilia.org\/2020\/01\/14\/atto-vandalico-contro-scout-non-dobbiamo-cedere-al-male\/","title":{"rendered":"ATTO VANDALICO CONTRO SCOUT: &#8220;NON DOBBIAMO CEDERE AL MALE&#8221;"},"content":{"rendered":"<p>\u201cIl male vorrebbe sentirsi dire\u00a0\u2018Basta, non\u00a0ce la faccio pi\u00f9 e quindi mollo\u2019,\u00a0o ancora \u2018lascio,\u00a0abbandono e abbandoniamo\u2019. Invece il bene deve continuare a lavorare su\u00a0un altro\u00a0termine,\u00a0\u00a0che \u00e8 \u2018ancora\u2019: \u2018ci\u00a0riproviamo ancora una volta, ci scommettiamo ancora una volta e non ci rassegniamo ancora una volta e tenteremo di dare delle risposte\u201d. Cos\u00ec al Sir sull\u2019<a href=\"https:\/\/www.chiesedisicilia.org\/chiesedisicilia\/2020\/01\/13\/vandali-distruggono-sede-scout-agesci-di-ramacca\/\">atto vandalico che ha colpito la sede scout di Ramacca 1<\/a>, rubando, distruggendo, vandalizzando l\u2019edificio affidato all\u2019associazione, il vescovo di Caltagirone, mons. Calogero Peri, si sofferma su queste due parole. \u201cUna, quella che ci vuol fare dire \u2018basta\u2019 appartiene al male, a quelli che tentano coscientemente o incoscientemente di portarlo avanti. L\u2019altra parola, \u2018ancora\u2019, appartiene al bene, a chi sa di portare il peso di una condizione che non \u00e8 quella che vorremmo, a chi sa aspettare\u00a0tempi migliori,\u00a0a chi \u00e8\u00a0in attesa di cieli nuovi e terra nuova, e dunque anche di citt\u00e0 nuove, di mentalit\u00e0 nuove, di\u00a0una\u00a0cultura nuova\u201d.<\/p>\n<p><img alt=\"ATTO VANDALICO CONTRO SCOUT: \"NON DOBBIAMO CEDERE AL MALE\"\" title=\"ATTO VANDALICO CONTRO SCOUT: \"NON DOBBIAMO CEDERE AL MALE\"\" loading=\"lazy\" class=\"size-medium wp-image-11105 alignleft\" src=\"https:\/\/www.chiesedisicilia.org\/chiesedisicilia\/news\/wp-content\/uploads\/sites\/2\/2020\/01\/Ramacca-1-raid-5.jpg\" alt=\"\" width=\"300\" height=\"169\" srcset=\"https:\/\/euwps06.newsmemory.com\/chiesedisicilia\/news\/wp-content\/uploads\/sites\/2\/2020\/01\/Ramacca-1-raid-5.jpg 1328w, https:\/\/euwps06.newsmemory.com\/chiesedisicilia\/news\/wp-content\/uploads\/sites\/2\/2020\/01\/Ramacca-1-raid-5-300x169.jpg 300w, https:\/\/euwps06.newsmemory.com\/chiesedisicilia\/news\/wp-content\/uploads\/sites\/2\/2020\/01\/Ramacca-1-raid-5-768x432.jpg 768w, https:\/\/euwps06.newsmemory.com\/chiesedisicilia\/news\/wp-content\/uploads\/sites\/2\/2020\/01\/Ramacca-1-raid-5-1024x576.jpg 1024w, https:\/\/euwps06.newsmemory.com\/chiesedisicilia\/news\/wp-content\/uploads\/sites\/2\/2020\/01\/Ramacca-1-raid-5-750x422.jpg 750w\" sizes=\"(max-width: 300px) 100vw, 300px\" \/>Il presule non tace che quanto avvenuto all\u2019Agesci ferisce: \u201cAncora una volta questo avvenimento ci colpisce, per\u00f2 non ci finisce. Lo dobbiamo ribadire sostenendo le persone che sono coinvolte direttamente \u2013 dice mons. Peri -,\u00a0\u00a0ma anche tutti quelli che, con la loro voce o con la loro posizione, possono discostarsi e prendere le distanze da quanto \u00e8 accaduto\u201d.<\/p>\n<p>Anche <a href=\"https:\/\/www.chiesedisicilia.org\/chiesedisicilia\/2020\/01\/14\/atto-vandalico-contro-scout-solidarieta-dellagesci-calatina\/\">l&#8217;Agesci della Zona calatina ha espresso solidariet\u00e0<\/a>. Per mons. Peri\u00a0&#8220;\u00e8 chiaro che non ci possiamo arrendere, che non dobbiamo cedere al male. Il male lavora sulla stanchezza degli altri e si aspetta sempre che questa stanchezza finisca per dargli campo libero. Invece noi cristiani sappiamo, anche della parola di Dio, che occorre aspettare: si lavora sulla pazienza. Una pazienza piena della certezza che la fede ci consegna\u201d.<\/p>\n<p><img alt=\"ATTO VANDALICO CONTRO SCOUT: \"NON DOBBIAMO CEDERE AL MALE\"\" title=\"ATTO VANDALICO CONTRO SCOUT: \"NON DOBBIAMO CEDERE AL MALE\"\" loading=\"lazy\" class=\"size-medium wp-image-11092 alignright\" src=\"https:\/\/www.chiesedisicilia.org\/chiesedisicilia\/news\/wp-content\/uploads\/sites\/2\/2020\/01\/Ramacca-1-raid-0.jpg\" alt=\"\" width=\"300\" height=\"169\" srcset=\"https:\/\/euwps06.newsmemory.com\/chiesedisicilia\/news\/wp-content\/uploads\/sites\/2\/2020\/01\/Ramacca-1-raid-0.jpg 1328w, https:\/\/euwps06.newsmemory.com\/chiesedisicilia\/news\/wp-content\/uploads\/sites\/2\/2020\/01\/Ramacca-1-raid-0-300x169.jpg 300w, https:\/\/euwps06.newsmemory.com\/chiesedisicilia\/news\/wp-content\/uploads\/sites\/2\/2020\/01\/Ramacca-1-raid-0-768x432.jpg 768w, https:\/\/euwps06.newsmemory.com\/chiesedisicilia\/news\/wp-content\/uploads\/sites\/2\/2020\/01\/Ramacca-1-raid-0-1024x576.jpg 1024w, https:\/\/euwps06.newsmemory.com\/chiesedisicilia\/news\/wp-content\/uploads\/sites\/2\/2020\/01\/Ramacca-1-raid-0-750x422.jpg 750w\" sizes=\"(max-width: 300px) 100vw, 300px\" \/>Il vescovo di Caltagirone invita a guardare i fatti \u201ccon gli occhi di Dio\u201d. \u201cL\u2019ho chiesto innanzitutto a me stesso \u2013 dice \u2013 quando ho saputo cosa era successo. Ho riletto allora \u2013 aggiunge &#8211; la seconda Lettera ai Corinzi al capitolo quarto, del versetto otto a seguire. Pare scritto per noi, applicabile alla nostra vita e questo contesto, quel pezzettino che dice che siamo tribolati da ogni parte ma non siamo schiacciati, che siamo sconvolti ma non disperati, che siamo perseguitati ma non abbandonati, colpiti ma non uccisi\u201d.Tra le tante possibili di fronte a quanto avvenuto \u2013 e per la terza volta ormai -, quella che mons. Calogero Peri chiede \u00e8 una \u201crisposta decisa e fattiva\u201d, che sia \u201cresponsabile e ricca di speranza\u201d: si tratta di \u201csensibilizzare l\u2019opinione pubblica, far s\u00ec che non sia semplicemente un avvenimento che riguarda l\u2019associazione, ma che tocca direttamente i cristiani di una comunit\u00e0 o addirittura tutta la comunit\u00e0 civile o, anche, un intero paese. Quando viene colpito chi fa il bene non pu\u00f2 che essere avvenimento che riguarda ciascuno di noi\u201d.<\/p>\n","protected":false},"excerpt":{"rendered":"","protected":false},"author":4,"featured_media":807,"comment_status":"closed","ping_status":"closed","sticky":false,"template":"","format":"standard","meta":[],"categories":[30],"tags":[757,222],"news-destination":[],"news-source":[],"is_homepage":[],"ta_other":[],"_links":{"self":[{"href":"https:\/\/www.chiesedisicilia.org\/chiesedisicilia\/news\/wp-json\/wp\/v2\/posts\/11094"}],"collection":[{"href":"https:\/\/www.chiesedisicilia.org\/chiesedisicilia\/news\/wp-json\/wp\/v2\/posts"}],"about":[{"href":"https:\/\/www.chiesedisicilia.org\/chiesedisicilia\/news\/wp-json\/wp\/v2\/types\/post"}],"author":[{"embeddable":true,"href":"https:\/\/www.chiesedisicilia.org\/chiesedisicilia\/news\/wp-json\/wp\/v2\/users\/4"}],"replies":[{"embeddable":true,"href":"https:\/\/www.chiesedisicilia.org\/chiesedisicilia\/news\/wp-json\/wp\/v2\/comments?post=11094"}],"version-history":[{"count":1,"href":"https:\/\/www.chiesedisicilia.org\/chiesedisicilia\/news\/wp-json\/wp\/v2\/posts\/11094\/revisions"}],"predecessor-version":[{"id":11106,"href":"https:\/\/www.chiesedisicilia.org\/chiesedisicilia\/news\/wp-json\/wp\/v2\/posts\/11094\/revisions\/11106"}],"wp:featuredmedia":[{"embeddable":true,"href":"https:\/\/www.chiesedisicilia.org\/chiesedisicilia\/news\/wp-json\/wp\/v2\/media\/807"}],"wp:attachment":[{"href":"https:\/\/www.chiesedisicilia.org\/chiesedisicilia\/news\/wp-json\/wp\/v2\/media?parent=11094"}],"wp:term":[{"taxonomy":"category","embeddable":true,"href":"https:\/\/www.chiesedisicilia.org\/chiesedisicilia\/news\/wp-json\/wp\/v2\/categories?post=11094"},{"taxonomy":"post_tag","embeddable":true,"href":"https:\/\/www.chiesedisicilia.org\/chiesedisicilia\/news\/wp-json\/wp\/v2\/tags?post=11094"},{"taxonomy":"news-destination","embeddable":true,"href":"https:\/\/www.chiesedisicilia.org\/chiesedisicilia\/news\/wp-json\/wp\/v2\/news-destination?post=11094"},{"taxonomy":"news-source","embeddable":true,"href":"https:\/\/www.chiesedisicilia.org\/chiesedisicilia\/news\/wp-json\/wp\/v2\/news-source?post=11094"},{"taxonomy":"is_homepage","embeddable":true,"href":"https:\/\/www.chiesedisicilia.org\/chiesedisicilia\/news\/wp-json\/wp\/v2\/is_homepage?post=11094"},{"taxonomy":"ta_other","embeddable":true,"href":"https:\/\/www.chiesedisicilia.org\/chiesedisicilia\/news\/wp-json\/wp\/v2\/ta_other?post=11094"}],"curies":[{"name":"wp","href":"https:\/\/api.w.org\/{rel}","templated":true}]}}