{"id":11055,"date":"2020-01-13T09:52:12","date_gmt":"2020-01-13T08:52:12","guid":{"rendered":"http:\/\/www.chiesedisicilia.org\/chiesedisicilia\/?p=11055"},"modified":"2020-01-13T10:06:35","modified_gmt":"2019-03-19T10:06:35","slug":"giornata-del-malato-la-dimensione-dello-sguardo-diagnosi-cura-e-accompagnamento","status":"publish","type":"post","link":"https:\/\/www.chiesedisicilia.org\/2020\/01\/13\/giornata-del-malato-la-dimensione-dello-sguardo-diagnosi-cura-e-accompagnamento\/","title":{"rendered":"GIORNATA DEL MALATO: &#8220;LA DIMENSIONE DELLO SGUARDO: DIAGNOSI, CURA E ACCOMPAGNAMENTO&#8221;"},"content":{"rendered":"<p>Sabato 8 Febbraio alle 9:00 presso la sala conferenze di Poggio S. Francesco (Arcidiocesi di Monreale-Palermo),<\/p>\n<p>E&#8217; in occasione della Giornata mondiale del malato 2020 che l&#8217;arcidiocesi di Monreale propone una tavola rotonda sul tema: &#8220;La dimensione dello sguardo: diagnosi, cura e accompagnamento del malato&#8221;. A\u00a0presiedere sar\u00e0 mons. Michele Pennisi, arcivescovo di Monreale.\u00a0L&#8217;introduzione ai lavori sar\u00e0 a cura del direttore dell&#8217;Ufficio liturgico diocesano, don Giacomo Sgroi, e del direttore dell&#8217;Ufficio per la Pastorale della Salute, diac. Angelo Guarino. A moderare i lavori sar\u00e0 Salvatore Picone.<\/p>\n<p>&#8220;<em>Lo sguardo \u00e8 in grado di attenuare la rabbia e l&#8217;amarezza, ha un effetto rigenerante perch\u00e9 capace di sciogliere i sentimenti di risentimento, odio e vergogna. Accompagnare con lo sguardo<\/em> &#8211; spiegano gli organizzatori dell&#8217;appuntamento &#8211; <em>non significa fare finta che la malattia non esista o sia scomparsa, ma fare in modo che la sua manifestazione non \u00e8 impedisca la Speranza di una vita quotidiana fatta di relazioni e amore. Perdonare\/si di essere malati o di essere arrabbiati perch\u00e9 costretti a vedere il dolore degli altri, significa rientrare in una condizione di umana fallibilit\u00e0, in un continuo stato di bisogno, liberarsi di uno stato di perfezione che genera un nemico interno chiamato: &#8220;onnipotenza&#8221;. Per questo lo sguardo pu\u00f2 essere considerato <\/em>&#8211; aggiungono &#8211;<em> un valido strumento verso la via della guarigione fisica e emozionale, Lo Sguardo \u00e8 tutto, \u00e8 dentro e fuori, \u00e8 in grado di lenire la sofferenza, di guadagnare la fiducia in se stessi, un seme che cerca la sua via attraverso il terreno (spesso gi\u00e0 tracciato) fino a quando non incontra la vita nello sguardo dell&#8217;altro<\/em>&#8220;.<\/p>\n<p>Il seminario si svolger\u00e0 sabato 8 febbraio, a partire dalle ore 9.00, a Poggio San Francesco, Monreale, e ha come destinatari\u00a0sacerdoti, diaconi, religiosi\/e, seminaristi, rappresentanti di associazioni di volontariato e operatori sanitari, e ancora lettori, accoliti, membri dei gruppi liturgici, ministri straordinari dell&#8217;Eucaristia, famiglie.<\/p>\n","protected":false},"excerpt":{"rendered":"","protected":false},"author":4,"featured_media":11056,"comment_status":"closed","ping_status":"closed","sticky":false,"template":"","format":"standard","meta":[],"categories":[30],"tags":[742,111],"news-destination":[],"news-source":[],"is_homepage":[],"ta_other":[],"_links":{"self":[{"href":"https:\/\/www.chiesedisicilia.org\/chiesedisicilia\/news\/wp-json\/wp\/v2\/posts\/11055"}],"collection":[{"href":"https:\/\/www.chiesedisicilia.org\/chiesedisicilia\/news\/wp-json\/wp\/v2\/posts"}],"about":[{"href":"https:\/\/www.chiesedisicilia.org\/chiesedisicilia\/news\/wp-json\/wp\/v2\/types\/post"}],"author":[{"embeddable":true,"href":"https:\/\/www.chiesedisicilia.org\/chiesedisicilia\/news\/wp-json\/wp\/v2\/users\/4"}],"replies":[{"embeddable":true,"href":"https:\/\/www.chiesedisicilia.org\/chiesedisicilia\/news\/wp-json\/wp\/v2\/comments?post=11055"}],"version-history":[{"count":1,"href":"https:\/\/www.chiesedisicilia.org\/chiesedisicilia\/news\/wp-json\/wp\/v2\/posts\/11055\/revisions"}],"predecessor-version":[{"id":11057,"href":"https:\/\/www.chiesedisicilia.org\/chiesedisicilia\/news\/wp-json\/wp\/v2\/posts\/11055\/revisions\/11057"}],"wp:featuredmedia":[{"embeddable":true,"href":"https:\/\/www.chiesedisicilia.org\/chiesedisicilia\/news\/wp-json\/wp\/v2\/media\/11056"}],"wp:attachment":[{"href":"https:\/\/www.chiesedisicilia.org\/chiesedisicilia\/news\/wp-json\/wp\/v2\/media?parent=11055"}],"wp:term":[{"taxonomy":"category","embeddable":true,"href":"https:\/\/www.chiesedisicilia.org\/chiesedisicilia\/news\/wp-json\/wp\/v2\/categories?post=11055"},{"taxonomy":"post_tag","embeddable":true,"href":"https:\/\/www.chiesedisicilia.org\/chiesedisicilia\/news\/wp-json\/wp\/v2\/tags?post=11055"},{"taxonomy":"news-destination","embeddable":true,"href":"https:\/\/www.chiesedisicilia.org\/chiesedisicilia\/news\/wp-json\/wp\/v2\/news-destination?post=11055"},{"taxonomy":"news-source","embeddable":true,"href":"https:\/\/www.chiesedisicilia.org\/chiesedisicilia\/news\/wp-json\/wp\/v2\/news-source?post=11055"},{"taxonomy":"is_homepage","embeddable":true,"href":"https:\/\/www.chiesedisicilia.org\/chiesedisicilia\/news\/wp-json\/wp\/v2\/is_homepage?post=11055"},{"taxonomy":"ta_other","embeddable":true,"href":"https:\/\/www.chiesedisicilia.org\/chiesedisicilia\/news\/wp-json\/wp\/v2\/ta_other?post=11055"}],"curies":[{"name":"wp","href":"https:\/\/api.w.org\/{rel}","templated":true}]}}