{"id":11006,"date":"2020-01-07T12:07:01","date_gmt":"2020-01-07T11:07:01","guid":{"rendered":"http:\/\/www.chiesedisicilia.org\/chiesedisicilia\/?p=11006"},"modified":"2020-01-07T12:07:02","modified_gmt":"2019-03-13T12:07:02","slug":"anniversario-omicidio-piersanti-mattarella-vincoli-di-pace-contro-legami-dingiustizia","status":"publish","type":"post","link":"https:\/\/www.chiesedisicilia.org\/2020\/01\/07\/anniversario-omicidio-piersanti-mattarella-vincoli-di-pace-contro-legami-dingiustizia\/","title":{"rendered":"ANNIVERSARIO OMICIDIO PIERSANTI MATTARELLA: &#8220;VINCOLI DI PACE&#8221; CONTRO &#8220;LEGAMI D&#8217;INGIUSTIZIA&#8221;"},"content":{"rendered":"<p>\u201c<em>Un uomo e politico che voleva liberare la Sicilia da innumerevoli catene e tessere \u2018vincoli di pace\u2019 che fossero pi\u00f9 forti di ogni \u2018legame d\u2019ingiustizia\u2019 e di \u2018cupidigia\u2019 del denaro<\/em>\u201d. Cos\u00ec il <strong>vescovo di Trapani, mons. Pietro Maria Fragnelli<\/strong>, ricorda Piersanti Mattarella, presidente della Regione Sicilia, ucciso dalla mafia 40 anni fa, e fratello del capo dello Stato, in un messaggio inviato a tutta la comunit\u00e0 ecclesiale di Trapani. Il testo \u00e8 stato diffuso in occasione del\u00a040\u00b0 anniversario dell\u2019omicidio dell\u2019assassinio che ricorre oggi. Mattarella era originario di Castellammare del Golfo, cittadina della diocesi in cui \u00e8 sepolto insieme ai suoi familiari.<\/p>\n<p><img alt=\"ANNIVERSARIO OMICIDIO PIERSANTI MATTARELLA: \"VINCOLI DI PACE\" CONTRO \"LEGAMI D'INGIUSTIZIA\"\" title=\"ANNIVERSARIO OMICIDIO PIERSANTI MATTARELLA: \"VINCOLI DI PACE\" CONTRO \"LEGAMI D'INGIUSTIZIA\"\" loading=\"lazy\" class=\"size-medium wp-image-9155 alignleft\" src=\"https:\/\/www.chiesedisicilia.org\/chiesedisicilia\/news\/wp-content\/uploads\/sites\/2\/2019\/03\/Mons.-Fragnelli.jpg\" alt=\"\" width=\"300\" height=\"199\" srcset=\"https:\/\/euwps05.newsmemory.com\/chiesedisicilia\/news\/wp-content\/uploads\/sites\/2\/2019\/03\/Mons.-Fragnelli.jpg 1000w, https:\/\/euwps05.newsmemory.com\/chiesedisicilia\/news\/wp-content\/uploads\/sites\/2\/2019\/03\/Mons.-Fragnelli-300x199.jpg 300w, https:\/\/euwps05.newsmemory.com\/chiesedisicilia\/news\/wp-content\/uploads\/sites\/2\/2019\/03\/Mons.-Fragnelli-768x508.jpg 768w, https:\/\/euwps05.newsmemory.com\/chiesedisicilia\/news\/wp-content\/uploads\/sites\/2\/2019\/03\/Mons.-Fragnelli-750x497.jpg 750w\" sizes=\"(max-width: 300px) 100vw, 300px\" \/>\u201c<em>Facciamo nostro il suo appello, ancora oggi attualissimo<\/em> \u2013 scrive il presule &#8211;<em>, assumendoci la responsabilit\u00e0 di cambiare \u2018clima\u2019 e \u2018costume\u2019 delle nostre scelte per \u2018isolare la mafia\u2019<\/em>\u201d. Il vescovo ricorda il sacrificio del presidente della regione, che prima di iniziare l\u2019attivit\u00e0 politica aveva ricoperto incarichi anche nazionali nell\u2019Azione Cattolica, alla luce della parole dell\u2019apostolo Paolo. \u201c<em>Per tutti i siciliani di oggi risuonano particolarmente attuali le sue parole e il suo appello affinch\u00e9 tutti, responsabilmente, possiamo dare il nostro contributo al cambiamento del clima e del costume nella nostra terra<\/em>\u201d. Il vescovo, infine, ha lanciato un appello con le stesse parole del presidente della Regione assassinato il quale, in un\u2019intervista, nel 1979, diceva che \u201cl<em>a mafia non pu\u00f2 essere sconfitta soltanto dalle leggi o dagli interventi repressivi ma con il contributo di tutti, cambiando il clima e il costume delle nostre scelte, creando le condizioni perch\u00e9 la criminalit\u00e0 mafiosa possa essere isolata<\/em>\u201d.<\/p>\n<p>Mons. Fragnelli stamani parteciper\u00e0 alla cerimonia che si terr\u00e0 a Trapani per ricordare Piersanti Mattarella e far\u00e0 giungere un suo messaggio al sindaco di Castellammare Nicol\u00f2 Rizzo che, insieme a tutto il paese, ricorder\u00e0 il presidente della regione ucciso davanti alla sua tomba nel cimitero comunale. Ricorder\u00e0, inoltre, l\u2019anniversario e la figura di Mattarella nel corso della messa che celebrer\u00e0 stamani in cattedrale.<\/p>\n","protected":false},"excerpt":{"rendered":"","protected":false},"author":4,"featured_media":11007,"comment_status":"closed","ping_status":"closed","sticky":false,"template":"","format":"standard","meta":[],"categories":[30],"tags":[104,723],"news-destination":[],"news-source":[],"is_homepage":[],"ta_other":[],"_links":{"self":[{"href":"https:\/\/www.chiesedisicilia.org\/chiesedisicilia\/news\/wp-json\/wp\/v2\/posts\/11006"}],"collection":[{"href":"https:\/\/www.chiesedisicilia.org\/chiesedisicilia\/news\/wp-json\/wp\/v2\/posts"}],"about":[{"href":"https:\/\/www.chiesedisicilia.org\/chiesedisicilia\/news\/wp-json\/wp\/v2\/types\/post"}],"author":[{"embeddable":true,"href":"https:\/\/www.chiesedisicilia.org\/chiesedisicilia\/news\/wp-json\/wp\/v2\/users\/4"}],"replies":[{"embeddable":true,"href":"https:\/\/www.chiesedisicilia.org\/chiesedisicilia\/news\/wp-json\/wp\/v2\/comments?post=11006"}],"version-history":[{"count":1,"href":"https:\/\/www.chiesedisicilia.org\/chiesedisicilia\/news\/wp-json\/wp\/v2\/posts\/11006\/revisions"}],"predecessor-version":[{"id":11008,"href":"https:\/\/www.chiesedisicilia.org\/chiesedisicilia\/news\/wp-json\/wp\/v2\/posts\/11006\/revisions\/11008"}],"wp:featuredmedia":[{"embeddable":true,"href":"https:\/\/www.chiesedisicilia.org\/chiesedisicilia\/news\/wp-json\/wp\/v2\/media\/11007"}],"wp:attachment":[{"href":"https:\/\/www.chiesedisicilia.org\/chiesedisicilia\/news\/wp-json\/wp\/v2\/media?parent=11006"}],"wp:term":[{"taxonomy":"category","embeddable":true,"href":"https:\/\/www.chiesedisicilia.org\/chiesedisicilia\/news\/wp-json\/wp\/v2\/categories?post=11006"},{"taxonomy":"post_tag","embeddable":true,"href":"https:\/\/www.chiesedisicilia.org\/chiesedisicilia\/news\/wp-json\/wp\/v2\/tags?post=11006"},{"taxonomy":"news-destination","embeddable":true,"href":"https:\/\/www.chiesedisicilia.org\/chiesedisicilia\/news\/wp-json\/wp\/v2\/news-destination?post=11006"},{"taxonomy":"news-source","embeddable":true,"href":"https:\/\/www.chiesedisicilia.org\/chiesedisicilia\/news\/wp-json\/wp\/v2\/news-source?post=11006"},{"taxonomy":"is_homepage","embeddable":true,"href":"https:\/\/www.chiesedisicilia.org\/chiesedisicilia\/news\/wp-json\/wp\/v2\/is_homepage?post=11006"},{"taxonomy":"ta_other","embeddable":true,"href":"https:\/\/www.chiesedisicilia.org\/chiesedisicilia\/news\/wp-json\/wp\/v2\/ta_other?post=11006"}],"curies":[{"name":"wp","href":"https:\/\/api.w.org\/{rel}","templated":true}]}}